{"id":6196,"date":"2026-01-26T08:32:00","date_gmt":"2026-01-26T11:32:00","guid":{"rendered":"https:\/\/vecinosdelinterior.com\/?p=6196"},"modified":"2026-01-26T20:33:25","modified_gmt":"2026-01-26T23:33:25","slug":"el-28-de-febrero-lujan-se-vestira-de-ritmo-luz-y-color-con-el-carnaval-2026","status":"publish","type":"post","link":"https:\/\/vecinosdelinterior.com\/index.php\/2026\/01\/26\/el-28-de-febrero-lujan-se-vestira-de-ritmo-luz-y-color-con-el-carnaval-2026\/","title":{"rendered":"El 28 de febrero, Luj\u00e1n se vestir\u00e1 de ritmo, luz y color con el Carnaval 2026"},"content":{"rendered":"\n<p>VECINOSDELINTERIOR.COM \/ 26 DE ENERO<br>La localidad vivir\u00e1 una de las noches m\u00e1s esperadas del verano con la llegada del Carnaval 2026, una propuesta que llenar\u00e1 de color, m\u00fasica y alegr\u00eda las calles. Los vecinos y visitantes est\u00e1n invitados a disfrutar de esta gran fiesta popular a partir de las 21:00.<br>El carnaval, que se celebrar\u00e1 el s\u00e1bado 28 de febrero, a partir de las 21:00, se presenta como un espacio de encuentro y celebraci\u00f3n popular, donde la cultura local se expresa a trav\u00e9s del ritmo y el movimiento de comparsas locales e invitadas, que desplegar\u00e1n todo su talento y creatividad. La noche estar\u00e1 acompa\u00f1ada adem\u00e1s por bandas en vivo.<\/p>\n\n\n\n<figure class=\"wp-block-image size-full\"><img fetchpriority=\"high\" decoding=\"async\" width=\"1000\" height=\"667\" src=\"https:\/\/vecinosdelinterior.com\/wp-content\/uploads\/2026\/01\/CARNAVAL-LUJAN-7.jpg\" alt=\"\" class=\"wp-image-6197\" srcset=\"https:\/\/vecinosdelinterior.com\/wp-content\/uploads\/2026\/01\/CARNAVAL-LUJAN-7.jpg 1000w, https:\/\/vecinosdelinterior.com\/wp-content\/uploads\/2026\/01\/CARNAVAL-LUJAN-7-300x200.jpg 300w, https:\/\/vecinosdelinterior.com\/wp-content\/uploads\/2026\/01\/CARNAVAL-LUJAN-7-768x512.jpg 768w, https:\/\/vecinosdelinterior.com\/wp-content\/uploads\/2026\/01\/CARNAVAL-LUJAN-7-750x500.jpg 750w\" sizes=\"(max-width: 1000px) 100vw, 1000px\" \/><\/figure>\n\n\n\n<p><br>Tambi\u00e9n se realizar\u00e1 una feria de emprendedores y artesanos, que permitir\u00e1 visibilizar y fortalecer la producci\u00f3n local, esta integraci\u00f3n entre arte, m\u00fasica y emprendimiento convierte al carnaval en una propuesta integral, pensada para toda la familia.<br>En plena temporada de verano, el Carnaval de Luj\u00e1n se presenta como un atractivo tur\u00edstico ofreciendo entretenimiento, y poniendo en valor las tradiciones, la identidad y el esp\u00edritu festivo del pueblo. La iniciativa contribuye a dinamizar el turismo regional, atrayendo visitantes y promoviendo la recreaci\u00f3n y diversi\u00f3n.<br>Con entrada libre y gratuita invitan a esta celebraci\u00f3n que ser\u00e1 una noche para celebrar la cultura y vivir el verano al ritmo del carnaval.<\/p>\n\n\n\n<figure class=\"wp-block-image size-large\"><img decoding=\"async\" width=\"788\" height=\"1024\" src=\"https:\/\/vecinosdelinterior.com\/wp-content\/uploads\/2026\/01\/CARNAVAL-LUJAN-1-e1769178347816-788x1024.jpg\" alt=\"\" class=\"wp-image-6198\" srcset=\"https:\/\/vecinosdelinterior.com\/wp-content\/uploads\/2026\/01\/CARNAVAL-LUJAN-1-e1769178347816-788x1024.jpg 788w, https:\/\/vecinosdelinterior.com\/wp-content\/uploads\/2026\/01\/CARNAVAL-LUJAN-1-e1769178347816-231x300.jpg 231w, https:\/\/vecinosdelinterior.com\/wp-content\/uploads\/2026\/01\/CARNAVAL-LUJAN-1-e1769178347816-768x998.jpg 768w, https:\/\/vecinosdelinterior.com\/wp-content\/uploads\/2026\/01\/CARNAVAL-LUJAN-1-e1769178347816-750x975.jpg 750w, https:\/\/vecinosdelinterior.com\/wp-content\/uploads\/2026\/01\/CARNAVAL-LUJAN-1-e1769178347816.jpg 810w\" sizes=\"(max-width: 788px) 100vw, 788px\" \/><\/figure>\n","protected":false},"excerpt":{"rendered":"<p>VECINOSDELINTERIOR.COM \/ 26 DE ENEROLa localidad vivir\u00e1 una de las noches m\u00e1s esperadas del verano con la llegada del Carnaval 2026, una propuesta que llenar\u00e1 de color, m\u00fasica y alegr\u00eda las calles. Los vecinos y visitantes est\u00e1n invitados a disfrutar de esta gran fiesta popular a partir de las 21:00.El carnaval, que se celebrar\u00e1 el [&hellip;]<\/p>\n","protected":false},"author":1,"featured_media":6197,"comment_status":"open","ping_status":"open","sticky":false,"template":"","format":"standard","meta":{"footnotes":""},"categories":[8,36],"tags":[333],"class_list":["post-6196","post","type-post","status-publish","format-standard","has-post-thumbnail","hentry","category-ayacucho","category-lujan","tag-festivales"],"_links":{"self":[{"href":"https:\/\/vecinosdelinterior.com\/index.php\/wp-json\/wp\/v2\/posts\/6196","targetHints":{"allow":["GET"]}}],"collection":[{"href":"https:\/\/vecinosdelinterior.com\/index.php\/wp-json\/wp\/v2\/posts"}],"about":[{"href":"https:\/\/vecinosdelinterior.com\/index.php\/wp-json\/wp\/v2\/types\/post"}],"author":[{"embeddable":true,"href":"https:\/\/vecinosdelinterior.com\/index.php\/wp-json\/wp\/v2\/users\/1"}],"replies":[{"embeddable":true,"href":"https:\/\/vecinosdelinterior.com\/index.php\/wp-json\/wp\/v2\/comments?post=6196"}],"version-history":[{"count":1,"href":"https:\/\/vecinosdelinterior.com\/index.php\/wp-json\/wp\/v2\/posts\/6196\/revisions"}],"predecessor-version":[{"id":6199,"href":"https:\/\/vecinosdelinterior.com\/index.php\/wp-json\/wp\/v2\/posts\/6196\/revisions\/6199"}],"wp:featuredmedia":[{"embeddable":true,"href":"https:\/\/vecinosdelinterior.com\/index.php\/wp-json\/wp\/v2\/media\/6197"}],"wp:attachment":[{"href":"https:\/\/vecinosdelinterior.com\/index.php\/wp-json\/wp\/v2\/media?parent=6196"}],"wp:term":[{"taxonomy":"category","embeddable":true,"href":"https:\/\/vecinosdelinterior.com\/index.php\/wp-json\/wp\/v2\/categories?post=6196"},{"taxonomy":"post_tag","embeddable":true,"href":"https:\/\/vecinosdelinterior.com\/index.php\/wp-json\/wp\/v2\/tags?post=6196"}],"curies":[{"name":"wp","href":"https:\/\/api.w.org\/{rel}","templated":true}]}}