{"id":6200,"date":"2026-01-26T08:33:00","date_gmt":"2026-01-26T11:33:00","guid":{"rendered":"https:\/\/vecinosdelinterior.com\/?p=6200"},"modified":"2026-01-26T20:34:37","modified_gmt":"2026-01-26T23:34:37","slug":"los-manantiales-celebrara-el-23-festival-provincial-del-algarrobo","status":"publish","type":"post","link":"https:\/\/vecinosdelinterior.com\/index.php\/2026\/01\/26\/los-manantiales-celebrara-el-23-festival-provincial-del-algarrobo\/","title":{"rendered":"Los Manantiales celebrar\u00e1 el 23\u00b0 Festival Provincial del Algarrobo"},"content":{"rendered":"\n<p>VECINOSDELINTERIOR.COM \/ 26 DE ENERO<br>La evento ser\u00e1 el 14 de Febrero. En su 23\u00b0 edici\u00f3n llamada \u2018En el Coraz\u00f3n del Pueblo\u2019 habr\u00e1 un concurso especial por el D\u00eda de los Enamorados, con premios, feria de artesanos, emprendedores y cantina. Tambi\u00e9n n\u00fameros art\u00edsticos y se elegir\u00e1 a la reina.<br>A\u00f1o tras a\u00f1o, el Festival del Algarrobo es un evento que se consolida como un espacio de encuentro cultural que rinde homenaje a las ra\u00edces de Los Manantiales, al valor del algarrobo como s\u00edmbolo identitario y al trabajo de quienes preservan las tradiciones locales.<\/p>\n\n\n\n<figure class=\"wp-block-gallery has-nested-images columns-default is-cropped wp-block-gallery-1 is-layout-flex wp-block-gallery-is-layout-flex\">\n<figure class=\"wp-block-image size-large\"><img fetchpriority=\"high\" decoding=\"async\" width=\"726\" height=\"1024\" data-id=\"6201\" src=\"https:\/\/vecinosdelinterior.com\/wp-content\/uploads\/2026\/01\/LOS-MANANTIALES-1-726x1024.jpg\" alt=\"\" class=\"wp-image-6201\" srcset=\"https:\/\/vecinosdelinterior.com\/wp-content\/uploads\/2026\/01\/LOS-MANANTIALES-1-726x1024.jpg 726w, https:\/\/vecinosdelinterior.com\/wp-content\/uploads\/2026\/01\/LOS-MANANTIALES-1-213x300.jpg 213w, https:\/\/vecinosdelinterior.com\/wp-content\/uploads\/2026\/01\/LOS-MANANTIALES-1-768x1083.jpg 768w, https:\/\/vecinosdelinterior.com\/wp-content\/uploads\/2026\/01\/LOS-MANANTIALES-1-1090x1536.jpg 1090w, https:\/\/vecinosdelinterior.com\/wp-content\/uploads\/2026\/01\/LOS-MANANTIALES-1-750x1057.jpg 750w, https:\/\/vecinosdelinterior.com\/wp-content\/uploads\/2026\/01\/LOS-MANANTIALES-1.jpg 1135w\" sizes=\"(max-width: 726px) 100vw, 726px\" \/><\/figure>\n\n\n\n<figure class=\"wp-block-image size-large\"><img decoding=\"async\" width=\"737\" height=\"1024\" data-id=\"6202\" src=\"https:\/\/vecinosdelinterior.com\/wp-content\/uploads\/2026\/01\/LOS-MANANTIALES-3-737x1024.jpg\" alt=\"\" class=\"wp-image-6202\" srcset=\"https:\/\/vecinosdelinterior.com\/wp-content\/uploads\/2026\/01\/LOS-MANANTIALES-3-737x1024.jpg 737w, https:\/\/vecinosdelinterior.com\/wp-content\/uploads\/2026\/01\/LOS-MANANTIALES-3-216x300.jpg 216w, https:\/\/vecinosdelinterior.com\/wp-content\/uploads\/2026\/01\/LOS-MANANTIALES-3-768x1067.jpg 768w, https:\/\/vecinosdelinterior.com\/wp-content\/uploads\/2026\/01\/LOS-MANANTIALES-3-750x1042.jpg 750w, https:\/\/vecinosdelinterior.com\/wp-content\/uploads\/2026\/01\/LOS-MANANTIALES-3.jpg 1080w\" sizes=\"(max-width: 737px) 100vw, 737px\" \/><\/figure>\n<\/figure>\n\n\n\n<p><br>El festival no solo es una expresi\u00f3n art\u00edstica y cultural, sino tambi\u00e9n una herramienta clave para el desarrollo tur\u00edstico. Cada a\u00f1o convoca a visitantes de distintos puntos de la provincia y del pa\u00eds, generando un movimiento que fortalece la econom\u00eda regional y posiciona a la localidad como destino de turismo cultural y rural.<br>Durante el Festival Provincial del Algarrobo, el p\u00fablico podr\u00e1 disfrutar de espect\u00e1culos musicales, danzas folcl\u00f3ricas, expresiones art\u00edsticas y propuestas gastron\u00f3micas que ponen en valor los sabores y saberes tradicionales.<br>Desde las 21:00 se presentar\u00e1n en el escenario ubicado en la plaza principal de la localidad: Talentos locales, Los Cantores del Alba, Waqay del Valle, Luis Soloa, Fer y Facu, Los Sanfra, Tropicales del Norte y los Hermanitos Albelo entre muchos m\u00e1s.<br>Especial D\u00eda de los Enamorados: propone jugarse con una declaraci\u00f3n de amor y se entregar\u00e1n premios a los enamorados.<br>Orgullo y tradici\u00f3n: El algarrobo, \u00e1rbol ancestral y emblema del monte nativo, se convierte en protagonista de una celebraci\u00f3n que rescata la memoria colectiva y la identidad del interior sanluise\u00f1o.<br>Con el 23\u00b0 Festival Provincial del Algarrobo, Los Manantiales reafirma su compromiso con la cultura, la historia y el turismo sostenible, invitando a vivir una experiencia aut\u00e9ntica, donde la m\u00fasica, la tradici\u00f3n y la calidez de su gente se conjugan en un entorno natural \u00fanico.<\/p>\n","protected":false},"excerpt":{"rendered":"<p>VECINOSDELINTERIOR.COM \/ 26 DE ENEROLa evento ser\u00e1 el 14 de Febrero. En su 23\u00b0 edici\u00f3n llamada \u2018En el Coraz\u00f3n del Pueblo\u2019 habr\u00e1 un concurso especial por el D\u00eda de los Enamorados, con premios, feria de artesanos, emprendedores y cantina. Tambi\u00e9n n\u00fameros art\u00edsticos y se elegir\u00e1 a la reina.A\u00f1o tras a\u00f1o, el Festival del Algarrobo es [&hellip;]<\/p>\n","protected":false},"author":1,"featured_media":6202,"comment_status":"open","ping_status":"open","sticky":false,"template":"","format":"standard","meta":{"footnotes":""},"categories":[92,381],"tags":[333],"class_list":["post-6200","post","type-post","status-publish","format-standard","has-post-thumbnail","hentry","category-belgrano","category-los-manantiales","tag-festivales"],"_links":{"self":[{"href":"https:\/\/vecinosdelinterior.com\/index.php\/wp-json\/wp\/v2\/posts\/6200","targetHints":{"allow":["GET"]}}],"collection":[{"href":"https:\/\/vecinosdelinterior.com\/index.php\/wp-json\/wp\/v2\/posts"}],"about":[{"href":"https:\/\/vecinosdelinterior.com\/index.php\/wp-json\/wp\/v2\/types\/post"}],"author":[{"embeddable":true,"href":"https:\/\/vecinosdelinterior.com\/index.php\/wp-json\/wp\/v2\/users\/1"}],"replies":[{"embeddable":true,"href":"https:\/\/vecinosdelinterior.com\/index.php\/wp-json\/wp\/v2\/comments?post=6200"}],"version-history":[{"count":1,"href":"https:\/\/vecinosdelinterior.com\/index.php\/wp-json\/wp\/v2\/posts\/6200\/revisions"}],"predecessor-version":[{"id":6203,"href":"https:\/\/vecinosdelinterior.com\/index.php\/wp-json\/wp\/v2\/posts\/6200\/revisions\/6203"}],"wp:featuredmedia":[{"embeddable":true,"href":"https:\/\/vecinosdelinterior.com\/index.php\/wp-json\/wp\/v2\/media\/6202"}],"wp:attachment":[{"href":"https:\/\/vecinosdelinterior.com\/index.php\/wp-json\/wp\/v2\/media?parent=6200"}],"wp:term":[{"taxonomy":"category","embeddable":true,"href":"https:\/\/vecinosdelinterior.com\/index.php\/wp-json\/wp\/v2\/categories?post=6200"},{"taxonomy":"post_tag","embeddable":true,"href":"https:\/\/vecinosdelinterior.com\/index.php\/wp-json\/wp\/v2\/tags?post=6200"}],"curies":[{"name":"wp","href":"https:\/\/api.w.org\/{rel}","templated":true}]}}