{"id":6204,"date":"2026-01-26T08:00:00","date_gmt":"2026-01-26T11:00:00","guid":{"rendered":"https:\/\/vecinosdelinterior.com\/?p=6204"},"modified":"2026-01-26T20:36:14","modified_gmt":"2026-01-26T23:36:14","slug":"marcharon-en-santa-rosa-del-conlara-por-justicia-y-seguridad","status":"publish","type":"post","link":"https:\/\/vecinosdelinterior.com\/index.php\/2026\/01\/26\/marcharon-en-santa-rosa-del-conlara-por-justicia-y-seguridad\/","title":{"rendered":"Marcharon en Santa Rosa del Conlara por justicia y seguridad"},"content":{"rendered":"\n<p>VECINOSDELINTERIOR.COM \/ 26 DE ENERO<br>Vecinos de Santa Rosa del Conlara marcharon este domingo por el centro de la ciudad para pedir justicia y seguridad. La movilizaci\u00f3n surgi\u00f3 tras el brutal ataque que sufri\u00f3 una ni\u00f1a de 10 a\u00f1os la semana pasada. Los manifestantes expresaron su apoyo a la familia de la peque\u00f1a, quien permanece internada en el Sanatorio Allende de C\u00f3rdoba con una evoluci\u00f3n favorable.<br>La marcha tambi\u00e9n apunt\u00f3 al pedido de juicio pol\u00edtico contra la jueza Nora Villegas. La titular del Juzgado de Ejecuci\u00f3n Penal de Villa Mercedes otorg\u00f3 la libertad condicional a Diego Domingo Ponce, el \u00fanico imputado por la agresi\u00f3n a la menor. Durante la protesta, los habitantes exhibieron carteles con la frase: \u201cEl pueblo de Santa Rosa pide la destituci\u00f3n de la jueza y de todos los responsables\u201d.<\/p>\n\n\n\n<figure class=\"wp-block-gallery has-nested-images columns-default is-cropped wp-block-gallery-1 is-layout-flex wp-block-gallery-is-layout-flex\">\n<figure class=\"wp-block-image size-large\"><img fetchpriority=\"high\" decoding=\"async\" width=\"657\" height=\"1024\" data-id=\"6205\" src=\"https:\/\/vecinosdelinterior.com\/wp-content\/uploads\/2026\/01\/marchasr-768x1197-1-657x1024.jpg\" alt=\"\" class=\"wp-image-6205\" srcset=\"https:\/\/vecinosdelinterior.com\/wp-content\/uploads\/2026\/01\/marchasr-768x1197-1-657x1024.jpg 657w, https:\/\/vecinosdelinterior.com\/wp-content\/uploads\/2026\/01\/marchasr-768x1197-1-192x300.jpg 192w, https:\/\/vecinosdelinterior.com\/wp-content\/uploads\/2026\/01\/marchasr-768x1197-1-750x1169.jpg 750w, https:\/\/vecinosdelinterior.com\/wp-content\/uploads\/2026\/01\/marchasr-768x1197-1.jpg 768w\" sizes=\"(max-width: 657px) 100vw, 657px\" \/><\/figure>\n\n\n\n<figure class=\"wp-block-image size-large\"><img decoding=\"async\" width=\"1024\" height=\"768\" data-id=\"6206\" src=\"https:\/\/vecinosdelinterior.com\/wp-content\/uploads\/2026\/01\/marchasr1-1536x1152-1-1024x768.jpg\" alt=\"\" class=\"wp-image-6206\" srcset=\"https:\/\/vecinosdelinterior.com\/wp-content\/uploads\/2026\/01\/marchasr1-1536x1152-1-1024x768.jpg 1024w, https:\/\/vecinosdelinterior.com\/wp-content\/uploads\/2026\/01\/marchasr1-1536x1152-1-300x225.jpg 300w, https:\/\/vecinosdelinterior.com\/wp-content\/uploads\/2026\/01\/marchasr1-1536x1152-1-768x576.jpg 768w, https:\/\/vecinosdelinterior.com\/wp-content\/uploads\/2026\/01\/marchasr1-1536x1152-1-750x563.jpg 750w, https:\/\/vecinosdelinterior.com\/wp-content\/uploads\/2026\/01\/marchasr1-1536x1152-1-1140x855.jpg 1140w, https:\/\/vecinosdelinterior.com\/wp-content\/uploads\/2026\/01\/marchasr1-1536x1152-1.jpg 1536w\" sizes=\"(max-width: 1024px) 100vw, 1024px\" \/><\/figure>\n\n\n\n<figure class=\"wp-block-image size-large\"><img decoding=\"async\" width=\"812\" height=\"1024\" data-id=\"6207\" src=\"https:\/\/vecinosdelinterior.com\/wp-content\/uploads\/2026\/01\/marcha-1-812x1024.webp\" alt=\"\" class=\"wp-image-6207\" srcset=\"https:\/\/vecinosdelinterior.com\/wp-content\/uploads\/2026\/01\/marcha-1-812x1024.webp 812w, https:\/\/vecinosdelinterior.com\/wp-content\/uploads\/2026\/01\/marcha-1-238x300.webp 238w, https:\/\/vecinosdelinterior.com\/wp-content\/uploads\/2026\/01\/marcha-1-768x969.webp 768w, https:\/\/vecinosdelinterior.com\/wp-content\/uploads\/2026\/01\/marcha-1-750x946.webp 750w, https:\/\/vecinosdelinterior.com\/wp-content\/uploads\/2026\/01\/marcha-1-1140x1438.webp 1140w, https:\/\/vecinosdelinterior.com\/wp-content\/uploads\/2026\/01\/marcha-1.webp 1170w\" sizes=\"(max-width: 812px) 100vw, 812px\" \/><\/figure>\n<\/figure>\n\n\n\n<p><br><br>Desde el viernes, los ciudadanos recolectan firmas para exigir a los legisladores del departamento Jun\u00edn que impulsen el jury de enjuiciamiento. Villegas firm\u00f3 el beneficio carcelario para Ponce en octubre del a\u00f1o pasado. El hombre de 45 a\u00f1os cumpl\u00eda una condena a prisi\u00f3n perpetua por el homicidio de Laura Natalia Chirino, ocurrido en el a\u00f1o 2002.<br>Seg\u00fan la acusaci\u00f3n de los fiscales Marcelo Salda\u00f1o y Lucila Giamperi, Ponce ingres\u00f3 a la vivienda en el paraje Los Peros, hiri\u00f3 a la ni\u00f1a en el cuello con un arma blanca y huy\u00f3 con 900 mil pesos y 100 d\u00f3lares. El ataque sucedi\u00f3 el lunes de la semana pasada al mediod\u00eda, cuando la v\u00edctima se encontraba sola.<br>Incumplimiento de la libertad condicional<br>La investigaci\u00f3n judicial determin\u00f3 que el imputado resid\u00eda en Santa Rosa del Conlara desde hace dos meses. Esta situaci\u00f3n representaba una irregularidad, ya que Ponce deb\u00eda vivir en Villa Mercedes de acuerdo a lo que declar\u00f3 en la audiencia donde solicit\u00f3 su libertad. Los vecinos de la localidad mantienen el reclamo por mayor presencia policial y el avance de las sanciones contra la magistrada.<br>Fuente: SL24<\/p>\n","protected":false},"excerpt":{"rendered":"<p>VECINOSDELINTERIOR.COM \/ 26 DE ENEROVecinos de Santa Rosa del Conlara marcharon este domingo por el centro de la ciudad para pedir justicia y seguridad. La movilizaci\u00f3n surgi\u00f3 tras el brutal ataque que sufri\u00f3 una ni\u00f1a de 10 a\u00f1os la semana pasada. Los manifestantes expresaron su apoyo a la familia de la peque\u00f1a, quien permanece internada [&hellip;]<\/p>\n","protected":false},"author":1,"featured_media":6206,"comment_status":"open","ping_status":"open","sticky":false,"template":"","format":"standard","meta":{"footnotes":""},"categories":[23,45],"tags":[213],"class_list":["post-6204","post","type-post","status-publish","format-standard","has-post-thumbnail","hentry","category-junin","category-santa-rosa-del-conlara","tag-policial"],"_links":{"self":[{"href":"https:\/\/vecinosdelinterior.com\/index.php\/wp-json\/wp\/v2\/posts\/6204","targetHints":{"allow":["GET"]}}],"collection":[{"href":"https:\/\/vecinosdelinterior.com\/index.php\/wp-json\/wp\/v2\/posts"}],"about":[{"href":"https:\/\/vecinosdelinterior.com\/index.php\/wp-json\/wp\/v2\/types\/post"}],"author":[{"embeddable":true,"href":"https:\/\/vecinosdelinterior.com\/index.php\/wp-json\/wp\/v2\/users\/1"}],"replies":[{"embeddable":true,"href":"https:\/\/vecinosdelinterior.com\/index.php\/wp-json\/wp\/v2\/comments?post=6204"}],"version-history":[{"count":1,"href":"https:\/\/vecinosdelinterior.com\/index.php\/wp-json\/wp\/v2\/posts\/6204\/revisions"}],"predecessor-version":[{"id":6208,"href":"https:\/\/vecinosdelinterior.com\/index.php\/wp-json\/wp\/v2\/posts\/6204\/revisions\/6208"}],"wp:featuredmedia":[{"embeddable":true,"href":"https:\/\/vecinosdelinterior.com\/index.php\/wp-json\/wp\/v2\/media\/6206"}],"wp:attachment":[{"href":"https:\/\/vecinosdelinterior.com\/index.php\/wp-json\/wp\/v2\/media?parent=6204"}],"wp:term":[{"taxonomy":"category","embeddable":true,"href":"https:\/\/vecinosdelinterior.com\/index.php\/wp-json\/wp\/v2\/categories?post=6204"},{"taxonomy":"post_tag","embeddable":true,"href":"https:\/\/vecinosdelinterior.com\/index.php\/wp-json\/wp\/v2\/tags?post=6204"}],"curies":[{"name":"wp","href":"https:\/\/api.w.org\/{rel}","templated":true}]}}