{"id":622,"date":"2023-09-05T10:43:51","date_gmt":"2023-09-05T13:43:51","guid":{"rendered":"https:\/\/vecinosdelinterior.com\/?p=622"},"modified":"2023-09-05T10:43:52","modified_gmt":"2023-09-05T13:43:52","slug":"la-feria-de-pequenos-y-medianos-productores-estara-presente-en-las-chacras","status":"publish","type":"post","link":"https:\/\/vecinosdelinterior.com\/index.php\/2023\/09\/05\/la-feria-de-pequenos-y-medianos-productores-estara-presente-en-las-chacras\/","title":{"rendered":"La Feria de Peque\u00f1os y Medianos Productores estar\u00e1 presente en Las Chacras"},"content":{"rendered":"\n<p>La tradicional propuesta del Ministerio de Producci\u00f3n se desarrollar\u00e1 el domingo 10 de septiembre en el parque provincial distintivo de la localidad puntana.<\/p>\n\n\n\n<p>El pr\u00f3ximo domingo 10 de septiembre una nueva edici\u00f3n particular de la Feria de Peque\u00f1os y Medianos Productores tendr\u00e1 lugar en el Monumento al Pueblo Puntano de Las Chacras. El evento que aglomera lo m\u00e1s destacado de la producci\u00f3n local se podr\u00e1 disfrutar desde las 14:00 hasta las 19:00 y contar\u00e1 con aproximadamente 100 expositores.<\/p>\n\n\n\n<p>Como de costumbre, los vecinos puntanos que se acerquen tendr\u00e1n a disposici\u00f3n la oferta completa de productos de Sol Puntano, incluyendo carnes, verduras frescas de estaci\u00f3n, dulces y conservas. Adem\u00e1s, emprendedores locales concurrir\u00e1n al evento con una extensa variedad de delicias artesanales para complacer todos los gustos, y artesanos que forman parte del Mercado de Artes, Dise\u00f1o y Artesan\u00edas (MADA) expondr\u00e1n sus trabajos manuales ante el p\u00fablico.<\/p>\n\n\n\n<p>La jornada estar\u00e1 acompa\u00f1ada de diversos shows de m\u00fasica, juegos, sorteos, patio gastron\u00f3micos y mucho m\u00e1s.<\/p>\n\n\n\n<figure class=\"wp-block-image size-large\"><img fetchpriority=\"high\" decoding=\"async\" width=\"1024\" height=\"693\" src=\"https:\/\/vecinosdelinterior.com\/wp-content\/uploads\/2023\/09\/ag-3-2048x1385-1-1024x693.png\" alt=\"\" class=\"wp-image-623\" srcset=\"https:\/\/vecinosdelinterior.com\/wp-content\/uploads\/2023\/09\/ag-3-2048x1385-1-1024x693.png 1024w, https:\/\/vecinosdelinterior.com\/wp-content\/uploads\/2023\/09\/ag-3-2048x1385-1-300x203.png 300w, https:\/\/vecinosdelinterior.com\/wp-content\/uploads\/2023\/09\/ag-3-2048x1385-1-768x519.png 768w, https:\/\/vecinosdelinterior.com\/wp-content\/uploads\/2023\/09\/ag-3-2048x1385-1-1536x1039.png 1536w, https:\/\/vecinosdelinterior.com\/wp-content\/uploads\/2023\/09\/ag-3-2048x1385-1-750x507.png 750w, https:\/\/vecinosdelinterior.com\/wp-content\/uploads\/2023\/09\/ag-3-2048x1385-1-1140x771.png 1140w, https:\/\/vecinosdelinterior.com\/wp-content\/uploads\/2023\/09\/ag-3-2048x1385-1.png 2048w\" sizes=\"(max-width: 1024px) 100vw, 1024px\" \/><\/figure>\n","protected":false},"excerpt":{"rendered":"<p>La tradicional propuesta del Ministerio de Producci\u00f3n se desarrollar\u00e1 el domingo 10 de septiembre en el parque provincial distintivo de la localidad puntana. El pr\u00f3ximo domingo 10 de septiembre una nueva edici\u00f3n particular de la Feria de Peque\u00f1os y Medianos Productores tendr\u00e1 lugar en el Monumento al Pueblo Puntano de Las Chacras. El evento que [&hellip;]<\/p>\n","protected":false},"author":1,"featured_media":623,"comment_status":"open","ping_status":"open","sticky":false,"template":"","format":"standard","meta":{"footnotes":""},"categories":[185,67],"tags":[196],"class_list":["post-622","post","type-post","status-publish","format-standard","has-post-thumbnail","hentry","category-las-chacras","category-san-martin","tag-feria-de-pequenos-y-medianos-productores"],"_links":{"self":[{"href":"https:\/\/vecinosdelinterior.com\/index.php\/wp-json\/wp\/v2\/posts\/622","targetHints":{"allow":["GET"]}}],"collection":[{"href":"https:\/\/vecinosdelinterior.com\/index.php\/wp-json\/wp\/v2\/posts"}],"about":[{"href":"https:\/\/vecinosdelinterior.com\/index.php\/wp-json\/wp\/v2\/types\/post"}],"author":[{"embeddable":true,"href":"https:\/\/vecinosdelinterior.com\/index.php\/wp-json\/wp\/v2\/users\/1"}],"replies":[{"embeddable":true,"href":"https:\/\/vecinosdelinterior.com\/index.php\/wp-json\/wp\/v2\/comments?post=622"}],"version-history":[{"count":1,"href":"https:\/\/vecinosdelinterior.com\/index.php\/wp-json\/wp\/v2\/posts\/622\/revisions"}],"predecessor-version":[{"id":624,"href":"https:\/\/vecinosdelinterior.com\/index.php\/wp-json\/wp\/v2\/posts\/622\/revisions\/624"}],"wp:featuredmedia":[{"embeddable":true,"href":"https:\/\/vecinosdelinterior.com\/index.php\/wp-json\/wp\/v2\/media\/623"}],"wp:attachment":[{"href":"https:\/\/vecinosdelinterior.com\/index.php\/wp-json\/wp\/v2\/media?parent=622"}],"wp:term":[{"taxonomy":"category","embeddable":true,"href":"https:\/\/vecinosdelinterior.com\/index.php\/wp-json\/wp\/v2\/categories?post=622"},{"taxonomy":"post_tag","embeddable":true,"href":"https:\/\/vecinosdelinterior.com\/index.php\/wp-json\/wp\/v2\/tags?post=622"}],"curies":[{"name":"wp","href":"https:\/\/api.w.org\/{rel}","templated":true}]}}