{"id":6230,"date":"2026-01-28T21:53:09","date_gmt":"2026-01-29T00:53:09","guid":{"rendered":"https:\/\/vecinosdelinterior.com\/?p=6230"},"modified":"2026-01-28T21:53:41","modified_gmt":"2026-01-29T00:53:41","slug":"tilisarao-se-prepara-para-vivir-el-festival-de-la-flor-del-pago-y-los-inmigrantes-2","status":"publish","type":"post","link":"https:\/\/vecinosdelinterior.com\/index.php\/2026\/01\/28\/tilisarao-se-prepara-para-vivir-el-festival-de-la-flor-del-pago-y-los-inmigrantes-2\/","title":{"rendered":"Tilisarao se prepara para vivir el Festival de la Flor del Pago y los Inmigrantes"},"content":{"rendered":"\n<p>VECINOSDELINTERIOR.COM \/ 28 DE ENERO<br>La Municipalidad de Tilisarao invita a vecinos, vecinas y turistas a disfrutar de una temporada de verano a pleno en una ciudad moderna, tur\u00edstica y reconocida como la capital de la alegr\u00eda. En ese marco, el s\u00e1bado 31 de enero se realizar\u00e1 una nueva edici\u00f3n del Festival de la Flor del Pago y los Inmigrantes, una de las celebraciones m\u00e1s esperadas del calendario cultural local.<\/p>\n\n\n\n<figure class=\"wp-block-gallery has-nested-images columns-default is-cropped wp-block-gallery-1 is-layout-flex wp-block-gallery-is-layout-flex\">\n<figure class=\"wp-block-image size-large\"><img fetchpriority=\"high\" decoding=\"async\" width=\"355\" height=\"614\" data-id=\"6231\" src=\"https:\/\/vecinosdelinterior.com\/wp-content\/uploads\/2026\/01\/28-1-2026-21-40-07.png\" alt=\"\" class=\"wp-image-6231\" srcset=\"https:\/\/vecinosdelinterior.com\/wp-content\/uploads\/2026\/01\/28-1-2026-21-40-07.png 355w, https:\/\/vecinosdelinterior.com\/wp-content\/uploads\/2026\/01\/28-1-2026-21-40-07-173x300.png 173w\" sizes=\"(max-width: 355px) 100vw, 355px\" \/><\/figure>\n\n\n\n<figure class=\"wp-block-image size-large\"><img decoding=\"async\" width=\"347\" height=\"617\" data-id=\"6232\" src=\"https:\/\/vecinosdelinterior.com\/wp-content\/uploads\/2026\/01\/28-1-2026-14-23-11.png\" alt=\"\" class=\"wp-image-6232\" srcset=\"https:\/\/vecinosdelinterior.com\/wp-content\/uploads\/2026\/01\/28-1-2026-14-23-11.png 347w, https:\/\/vecinosdelinterior.com\/wp-content\/uploads\/2026\/01\/28-1-2026-14-23-11-169x300.png 169w\" sizes=\"(max-width: 347px) 100vw, 347px\" \/><\/figure>\n\n\n\n<figure class=\"wp-block-image size-large\"><img decoding=\"async\" width=\"349\" height=\"578\" data-id=\"6235\" src=\"https:\/\/vecinosdelinterior.com\/wp-content\/uploads\/2026\/01\/28-1-2026-21-39-39.png\" alt=\"\" class=\"wp-image-6235\" srcset=\"https:\/\/vecinosdelinterior.com\/wp-content\/uploads\/2026\/01\/28-1-2026-21-39-39.png 349w, https:\/\/vecinosdelinterior.com\/wp-content\/uploads\/2026\/01\/28-1-2026-21-39-39-181x300.png 181w\" sizes=\"(max-width: 349px) 100vw, 349px\" \/><\/figure>\n\n\n\n<figure class=\"wp-block-image size-large\"><img loading=\"lazy\" decoding=\"async\" width=\"345\" height=\"616\" data-id=\"6233\" src=\"https:\/\/vecinosdelinterior.com\/wp-content\/uploads\/2026\/01\/28-1-2026-14-22-34.png\" alt=\"\" class=\"wp-image-6233\" srcset=\"https:\/\/vecinosdelinterior.com\/wp-content\/uploads\/2026\/01\/28-1-2026-14-22-34.png 345w, https:\/\/vecinosdelinterior.com\/wp-content\/uploads\/2026\/01\/28-1-2026-14-22-34-168x300.png 168w\" sizes=\"(max-width: 345px) 100vw, 345px\" \/><\/figure>\n\n\n\n<figure class=\"wp-block-image size-large\"><img loading=\"lazy\" decoding=\"async\" width=\"341\" height=\"585\" data-id=\"6234\" src=\"https:\/\/vecinosdelinterior.com\/wp-content\/uploads\/2026\/01\/28-1-2026-14-22-20.png\" alt=\"\" class=\"wp-image-6234\" srcset=\"https:\/\/vecinosdelinterior.com\/wp-content\/uploads\/2026\/01\/28-1-2026-14-22-20.png 341w, https:\/\/vecinosdelinterior.com\/wp-content\/uploads\/2026\/01\/28-1-2026-14-22-20-175x300.png 175w\" sizes=\"(max-width: 341px) 100vw, 341px\" \/><\/figure>\n<\/figure>\n\n\n\n<p><br>El evento contar\u00e1 con una propuesta integral que combina folclore, gastronom\u00eda, artesanos, tradici\u00f3n y colectividades, con una grilla art\u00edstica de primer nivel. Participar\u00e1n ballets y m\u00fasicos locales, provinciales y nacionales, destac\u00e1ndose como n\u00fameros centrales Paquito Oca\u00f1o, consagraci\u00f3n 2026 del Festival de Jes\u00fas Mar\u00eda, quien llegar\u00e1 con la bailanta folcl\u00f3rica m\u00e1s grande del pa\u00eds; Los Quijanos, aportando toda su fuerza y emoci\u00f3n con una de las voces m\u00e1s reconocidas del folclore argentino; y Fabricio Rodr\u00edguez, destacado armonicista y cantautor con m\u00e1s de 20 a\u00f1os de trayectoria en los grandes escenarios del pa\u00eds.<br>Adem\u00e1s, el festival ofrecer\u00e1 un amplio patio gastron\u00f3mico con sabores representativos de distintas colectividades y el tradicional desfile de agrupaciones gauchas, reafirmando la identidad cultural de la regi\u00f3n. El encuentro comenzar\u00e1 a las 20 horas, sobre Avenida C\u00f3rdoba, frente al edificio municipal, con entrada libre y gratuita. Desde la organizaci\u00f3n recomiendan al p\u00fablico asistir con reposera para disfrutar c\u00f3modamente de una noche pensada para toda la familia. El evento es organizado e impulsado por la Municipalidad de Tilisarao, bajo la gesti\u00f3n del intendente Juan Manuel Olgu\u00edn.<\/p>\n","protected":false},"excerpt":{"rendered":"<p>VECINOSDELINTERIOR.COM \/ 28 DE ENEROLa Municipalidad de Tilisarao invita a vecinos, vecinas y turistas a disfrutar de una temporada de verano a pleno en una ciudad moderna, tur\u00edstica y reconocida como la capital de la alegr\u00eda. En ese marco, el s\u00e1bado 31 de enero se realizar\u00e1 una nueva edici\u00f3n del Festival de la Flor del [&hellip;]<\/p>\n","protected":false},"author":1,"featured_media":6235,"comment_status":"open","ping_status":"open","sticky":false,"template":"","format":"standard","meta":{"footnotes":""},"categories":[29,30],"tags":[334,333,177],"class_list":["post-6230","post","type-post","status-publish","format-standard","has-post-thumbnail","hentry","category-chacabuco","category-tilisarao","tag-festival-de-la-flor-del-pago-y-los-inmigrantes","tag-festivales","tag-gestiones-destacadas"],"_links":{"self":[{"href":"https:\/\/vecinosdelinterior.com\/index.php\/wp-json\/wp\/v2\/posts\/6230","targetHints":{"allow":["GET"]}}],"collection":[{"href":"https:\/\/vecinosdelinterior.com\/index.php\/wp-json\/wp\/v2\/posts"}],"about":[{"href":"https:\/\/vecinosdelinterior.com\/index.php\/wp-json\/wp\/v2\/types\/post"}],"author":[{"embeddable":true,"href":"https:\/\/vecinosdelinterior.com\/index.php\/wp-json\/wp\/v2\/users\/1"}],"replies":[{"embeddable":true,"href":"https:\/\/vecinosdelinterior.com\/index.php\/wp-json\/wp\/v2\/comments?post=6230"}],"version-history":[{"count":1,"href":"https:\/\/vecinosdelinterior.com\/index.php\/wp-json\/wp\/v2\/posts\/6230\/revisions"}],"predecessor-version":[{"id":6236,"href":"https:\/\/vecinosdelinterior.com\/index.php\/wp-json\/wp\/v2\/posts\/6230\/revisions\/6236"}],"wp:featuredmedia":[{"embeddable":true,"href":"https:\/\/vecinosdelinterior.com\/index.php\/wp-json\/wp\/v2\/media\/6235"}],"wp:attachment":[{"href":"https:\/\/vecinosdelinterior.com\/index.php\/wp-json\/wp\/v2\/media?parent=6230"}],"wp:term":[{"taxonomy":"category","embeddable":true,"href":"https:\/\/vecinosdelinterior.com\/index.php\/wp-json\/wp\/v2\/categories?post=6230"},{"taxonomy":"post_tag","embeddable":true,"href":"https:\/\/vecinosdelinterior.com\/index.php\/wp-json\/wp\/v2\/tags?post=6230"}],"curies":[{"name":"wp","href":"https:\/\/api.w.org\/{rel}","templated":true}]}}