{"id":6263,"date":"2026-01-30T15:34:02","date_gmt":"2026-01-30T18:34:02","guid":{"rendered":"https:\/\/vecinosdelinterior.com\/?p=6263"},"modified":"2026-01-30T15:34:02","modified_gmt":"2026-01-30T18:34:02","slug":"en-febrero-tambien-hay-padel-en-buena-esperanza","status":"publish","type":"post","link":"https:\/\/vecinosdelinterior.com\/index.php\/2026\/01\/30\/en-febrero-tambien-hay-padel-en-buena-esperanza\/","title":{"rendered":"En febrero tambi\u00e9n hay p\u00e1del en Buena Esperanza"},"content":{"rendered":"\n<p>VECINOSDELINTERIOR.COM \/ 30 DE ENERO<br>El p\u00e1del vuelve a ser protagonista en Buena Esperanza con la realizaci\u00f3n del Torneo de Verano 2026, una propuesta deportiva que convoca a jugadores y jugadoras de la regi\u00f3n y reafirma el crecimiento de esta disciplina en la localidad. La competencia se disputar\u00e1 los d\u00edas 6, 7 y 8 de febrero, combinando alto nivel, premios y un fuerte esp\u00edritu de encuentro.<br>El certamen contar\u00e1 con las categor\u00edas 7\u00aa Hombres y Suma 15 Damas, y forma parte de las iniciativas que buscan fortalecer el deporte local como espacio de integraci\u00f3n y comunidad. Las inscripciones ya se encuentran abiertas, con cupos limitados, y el cierre ser\u00e1 el 5 de febrero al mediod\u00eda.<\/p>\n\n\n\n<figure class=\"wp-block-image size-large\"><img fetchpriority=\"high\" decoding=\"async\" width=\"819\" height=\"1024\" src=\"https:\/\/vecinosdelinterior.com\/wp-content\/uploads\/2026\/01\/625359314_122251960724146161_6602758805418632080_n-819x1024.jpg\" alt=\"\" class=\"wp-image-6264\" srcset=\"https:\/\/vecinosdelinterior.com\/wp-content\/uploads\/2026\/01\/625359314_122251960724146161_6602758805418632080_n-819x1024.jpg 819w, https:\/\/vecinosdelinterior.com\/wp-content\/uploads\/2026\/01\/625359314_122251960724146161_6602758805418632080_n-240x300.jpg 240w, https:\/\/vecinosdelinterior.com\/wp-content\/uploads\/2026\/01\/625359314_122251960724146161_6602758805418632080_n-768x960.jpg 768w, https:\/\/vecinosdelinterior.com\/wp-content\/uploads\/2026\/01\/625359314_122251960724146161_6602758805418632080_n-750x938.jpg 750w, https:\/\/vecinosdelinterior.com\/wp-content\/uploads\/2026\/01\/625359314_122251960724146161_6602758805418632080_n.jpg 1024w\" sizes=\"(max-width: 819px) 100vw, 819px\" \/><\/figure>\n","protected":false},"excerpt":{"rendered":"<p>VECINOSDELINTERIOR.COM \/ 30 DE ENEROEl p\u00e1del vuelve a ser protagonista en Buena Esperanza con la realizaci\u00f3n del Torneo de Verano 2026, una propuesta deportiva que convoca a jugadores y jugadoras de la regi\u00f3n y reafirma el crecimiento de esta disciplina en la localidad. La competencia se disputar\u00e1 los d\u00edas 6, 7 y 8 de febrero, [&hellip;]<\/p>\n","protected":false},"author":1,"featured_media":6264,"comment_status":"open","ping_status":"open","sticky":false,"template":"","format":"standard","meta":{"footnotes":""},"categories":[18,16],"tags":[443],"class_list":["post-6263","post","type-post","status-publish","format-standard","has-post-thumbnail","hentry","category-buena-esperanza-dupuy","category-dupuy","tag-deporte"],"_links":{"self":[{"href":"https:\/\/vecinosdelinterior.com\/index.php\/wp-json\/wp\/v2\/posts\/6263","targetHints":{"allow":["GET"]}}],"collection":[{"href":"https:\/\/vecinosdelinterior.com\/index.php\/wp-json\/wp\/v2\/posts"}],"about":[{"href":"https:\/\/vecinosdelinterior.com\/index.php\/wp-json\/wp\/v2\/types\/post"}],"author":[{"embeddable":true,"href":"https:\/\/vecinosdelinterior.com\/index.php\/wp-json\/wp\/v2\/users\/1"}],"replies":[{"embeddable":true,"href":"https:\/\/vecinosdelinterior.com\/index.php\/wp-json\/wp\/v2\/comments?post=6263"}],"version-history":[{"count":1,"href":"https:\/\/vecinosdelinterior.com\/index.php\/wp-json\/wp\/v2\/posts\/6263\/revisions"}],"predecessor-version":[{"id":6265,"href":"https:\/\/vecinosdelinterior.com\/index.php\/wp-json\/wp\/v2\/posts\/6263\/revisions\/6265"}],"wp:featuredmedia":[{"embeddable":true,"href":"https:\/\/vecinosdelinterior.com\/index.php\/wp-json\/wp\/v2\/media\/6264"}],"wp:attachment":[{"href":"https:\/\/vecinosdelinterior.com\/index.php\/wp-json\/wp\/v2\/media?parent=6263"}],"wp:term":[{"taxonomy":"category","embeddable":true,"href":"https:\/\/vecinosdelinterior.com\/index.php\/wp-json\/wp\/v2\/categories?post=6263"},{"taxonomy":"post_tag","embeddable":true,"href":"https:\/\/vecinosdelinterior.com\/index.php\/wp-json\/wp\/v2\/tags?post=6263"}],"curies":[{"name":"wp","href":"https:\/\/api.w.org\/{rel}","templated":true}]}}