{"id":6282,"date":"2026-02-02T13:31:10","date_gmt":"2026-02-02T16:31:10","guid":{"rendered":"https:\/\/vecinosdelinterior.com\/?p=6282"},"modified":"2026-02-02T13:31:11","modified_gmt":"2026-02-02T16:31:11","slug":"con-gastronomia-y-musica-local-en-vivo-llega-el-penon-del-festival","status":"publish","type":"post","link":"https:\/\/vecinosdelinterior.com\/index.php\/2026\/02\/02\/con-gastronomia-y-musica-local-en-vivo-llega-el-penon-del-festival\/","title":{"rendered":"Con gastronom\u00eda y m\u00fasica local en vivo, llega \u2018El Pe\u00f1\u00f3n del Festival\u2019"},"content":{"rendered":"\n<p>VECINOSDELINTERIOR.COM \/ 02 DE FEBRERO<br>Como parte de la 53\u00b0 Fiesta Nacional Valle del Sol, del 6 al 8 de febrero Merlo incorporar\u00e1 un espacio alternativo con shows musicales y propuestas gastron\u00f3micas con entrada libre y gratuita.<br>Coincidiendo con la 53\u00aa edici\u00f3n de la Fiesta Nacional Valle del Sol, Merlo sumar\u00e1 este a\u00f1o \u2018El Pe\u00f1\u00f3n del Festival\u2019, una iniciativa que busca ampliar la oferta recreativa durante las noches del evento. La actividad tendr\u00e1 lugar en Avenida del Deporte y Tissera, del 6 al 8 de febrero, desde las 19:00, donde se montar\u00e1 un sector especialmente acondicionado con puestos gastron\u00f3micos, emprendedores locales y m\u00fasica en vivo, ofreciendo un espacio de paseo y disfrute al aire libre.<br>En las tres jornadas, el p\u00fablico podr\u00e1 acceder de forma gratuita a diferentes propuestas culinarias y disfrutar de presentaciones art\u00edsticas en una alternativa complementaria a los espect\u00e1culos principales del festival. Al mismo tiempo, se promover\u00e1 la participaci\u00f3n de trabajadores de la cultura y del sector gastron\u00f3mico.<br>Desde la organizaci\u00f3n informaron que los m\u00fasicos y artistas interesados en formar parte de la grilla pueden comunicarse v\u00eda WhatsApp al 2664-174839 para recibir mayor informaci\u00f3n e inscribirse. De esta forma, la propuesta se suma a la agenda cultural local con el objetivo de promover el encuentro comunitario y ofrecer nuevas experiencias para quienes visiten la ciudad.<br>Cuenta regresiva<br>Los d\u00edas viernes 6, s\u00e1bado 7 y domingo 8 de febrero, el escenario mayor Antonio Esteban Ag\u00fcero ser\u00e1 nuevamente el punto de encuentro de vecinos y turistas con la llegada de la 53\u00b0 Fiesta Nacional Valle del Sol. El evento brindar\u00e1 tres jornadas consecutivas de m\u00fasica, danza y espect\u00e1culos para toda la familia, combinando destacados artistas nacionales con una fuerte presencia de academias, ballets y m\u00fasicos locales.<br>En cuanto a la grilla estelar del festival, vale recordar que el viernes 6 se presentar\u00e1n J\u00e9sica Benavidez y Abel Pintos; el s\u00e1bado 7 ser\u00e1 el turno de Damaris y La Delio Valdez; mientras que el domingo 8, llegar\u00e1 el turno de Rodrigo Tapari, Maggie Cullen y Christian Herrera.<br>Adem\u00e1s, se presentar\u00e1n diversos grupos y elencos de la regi\u00f3n como UP Escuela de Danza, Ballet Caminantes, D\u00fao Cardonatto\u2013Rold\u00e1n, Flora Movimiento Contempor\u00e1neo, Mujeres en Red, Grito de mi Tierra, Danzar la Vida, Tinkuy, Pasos de Fuego, Quispikay, Llastay, Argentina es una Danza, Combinaci\u00f3n Nativa, Salamanca, Kalem y Sayani, entre otros, reafirmando el protagonismo del talento y la identidad regional.<br>En cuanto a las entradas, est\u00e1 vigente un \u2018Abono 3 noches\u2019 a un valor de $80.000 m\u00e1s el costo de servicio. Para el viernes la entrada tiene un valor de $40.000 m\u00e1s el costo de servicio. Mientras que, para el s\u00e1bado y el domingo, la entrada costar\u00e1 $30.000 por noche m\u00e1s el costo de servicio.<br>Los tickets pueden adquirirse de forma presencial en la Plaza Sobremonte de Merlo, de lunes a s\u00e1bados de 9:00 a 13:00 y de 18:00 a 21:00. Tambi\u00e9n se pueden comprar online. Asimismo, vale mencionar que hay promoci\u00f3n en 3 cuotas sin inter\u00e9s con BNA+ y Banco Macro. Los ni\u00f1os y ni\u00f1as abonan entrada a partir de los 8 a\u00f1os.<\/p>\n","protected":false},"excerpt":{"rendered":"<p>VECINOSDELINTERIOR.COM \/ 02 DE FEBREROComo parte de la 53\u00b0 Fiesta Nacional Valle del Sol, del 6 al 8 de febrero Merlo incorporar\u00e1 un espacio alternativo con shows musicales y propuestas gastron\u00f3micas con entrada libre y gratuita.Coincidiendo con la 53\u00aa edici\u00f3n de la Fiesta Nacional Valle del Sol, Merlo sumar\u00e1 este a\u00f1o \u2018El Pe\u00f1\u00f3n del Festival\u2019, [&hellip;]<\/p>\n","protected":false},"author":1,"featured_media":6283,"comment_status":"open","ping_status":"open","sticky":false,"template":"","format":"standard","meta":{"footnotes":""},"categories":[23,73],"tags":[],"class_list":["post-6282","post","type-post","status-publish","format-standard","has-post-thumbnail","hentry","category-junin","category-merlo"],"_links":{"self":[{"href":"https:\/\/vecinosdelinterior.com\/index.php\/wp-json\/wp\/v2\/posts\/6282","targetHints":{"allow":["GET"]}}],"collection":[{"href":"https:\/\/vecinosdelinterior.com\/index.php\/wp-json\/wp\/v2\/posts"}],"about":[{"href":"https:\/\/vecinosdelinterior.com\/index.php\/wp-json\/wp\/v2\/types\/post"}],"author":[{"embeddable":true,"href":"https:\/\/vecinosdelinterior.com\/index.php\/wp-json\/wp\/v2\/users\/1"}],"replies":[{"embeddable":true,"href":"https:\/\/vecinosdelinterior.com\/index.php\/wp-json\/wp\/v2\/comments?post=6282"}],"version-history":[{"count":1,"href":"https:\/\/vecinosdelinterior.com\/index.php\/wp-json\/wp\/v2\/posts\/6282\/revisions"}],"predecessor-version":[{"id":6284,"href":"https:\/\/vecinosdelinterior.com\/index.php\/wp-json\/wp\/v2\/posts\/6282\/revisions\/6284"}],"wp:featuredmedia":[{"embeddable":true,"href":"https:\/\/vecinosdelinterior.com\/index.php\/wp-json\/wp\/v2\/media\/6283"}],"wp:attachment":[{"href":"https:\/\/vecinosdelinterior.com\/index.php\/wp-json\/wp\/v2\/media?parent=6282"}],"wp:term":[{"taxonomy":"category","embeddable":true,"href":"https:\/\/vecinosdelinterior.com\/index.php\/wp-json\/wp\/v2\/categories?post=6282"},{"taxonomy":"post_tag","embeddable":true,"href":"https:\/\/vecinosdelinterior.com\/index.php\/wp-json\/wp\/v2\/tags?post=6282"}],"curies":[{"name":"wp","href":"https:\/\/api.w.org\/{rel}","templated":true}]}}