{"id":63,"date":"2023-07-09T10:13:17","date_gmt":"2023-07-09T13:13:17","guid":{"rendered":"https:\/\/vecinosdelinterior.com\/?p=63"},"modified":"2023-07-09T10:13:17","modified_gmt":"2023-07-09T13:13:17","slug":"la-angelina-villa-del-carmen-cuatro-cazadores-furtivos-fueron-sorprendidos-y-elementos-de-caza-secuestrados","status":"publish","type":"post","link":"https:\/\/vecinosdelinterior.com\/index.php\/2023\/07\/09\/la-angelina-villa-del-carmen-cuatro-cazadores-furtivos-fueron-sorprendidos-y-elementos-de-caza-secuestrados\/","title":{"rendered":"La Angelina \u2013 Villa del Carmen: cuatro cazadores furtivos fueron sorprendidos y elementos de caza secuestrados"},"content":{"rendered":"\n<figure class=\"wp-block-image size-large\"><img fetchpriority=\"high\" decoding=\"async\" width=\"1024\" height=\"1024\" src=\"https:\/\/vecinosdelinterior.com\/wp-content\/uploads\/2023\/07\/WhatsApp-Image-2023-07-09-at-09.41.03-1024x1024.jpeg\" alt=\"\" class=\"wp-image-64\" srcset=\"https:\/\/vecinosdelinterior.com\/wp-content\/uploads\/2023\/07\/WhatsApp-Image-2023-07-09-at-09.41.03-1024x1024.jpeg 1024w, https:\/\/vecinosdelinterior.com\/wp-content\/uploads\/2023\/07\/WhatsApp-Image-2023-07-09-at-09.41.03-300x300.jpeg 300w, https:\/\/vecinosdelinterior.com\/wp-content\/uploads\/2023\/07\/WhatsApp-Image-2023-07-09-at-09.41.03-150x150.jpeg 150w, https:\/\/vecinosdelinterior.com\/wp-content\/uploads\/2023\/07\/WhatsApp-Image-2023-07-09-at-09.41.03-768x768.jpeg 768w, https:\/\/vecinosdelinterior.com\/wp-content\/uploads\/2023\/07\/WhatsApp-Image-2023-07-09-at-09.41.03.jpeg 1440w\" sizes=\"(max-width: 1024px) 100vw, 1024px\" \/><\/figure>\n\n\n\n<p>Fue en sendas intervenciones realizadas en las \u00faltimas horas por efectivos de la Divisi\u00f3n Polic\u00eda Ecol\u00f3gica y Ambiental, dependiente de la Direcci\u00f3n General de Polic\u00eda Cominera y Seguridad Vial.<\/p>\n\n\n\n<p>En un primer procedimiento, que tuvo lugar en un establecimiento rural situado en cercan\u00edas a la Angelina los polic\u00edas de la brigada de Casimiro G\u00f3mez identificaron y demoraron a un hombre. El mismo ten\u00eda en su poder dos cuchillos y linterna, dichos elementos le fueron secuestrados.<\/p>\n\n\n\n<p>En otro accionar los uniformados de la brigada con asiento en Concar\u00e1n identificaron a tres cazadores, en inmediaciones a una estancia, situada en la zona rural de Villa del Carmen. All\u00ed los mismos ten\u00edan un arma blanca.<\/p>\n\n\n\n<p>En ambos casos los infractores practicaban la caza con la utilizaci\u00f3n de canes aptos para dicha actividad.<\/p>\n\n\n\n<p>Los intervinientes les labraron a los infractores las correspondientes actas de infracci\u00f3n a la Ley Provincial de Conservaci\u00f3n y Protecci\u00f3n a la Fauna.<\/p>\n","protected":false},"excerpt":{"rendered":"<p>Fue en sendas intervenciones realizadas en las \u00faltimas horas por efectivos de la Divisi\u00f3n Polic\u00eda Ecol\u00f3gica y Ambiental, dependiente de la Direcci\u00f3n General de Polic\u00eda Cominera y Seguridad Vial. En un primer procedimiento, que tuvo lugar en un establecimiento rural situado en cercan\u00edas a la Angelina los polic\u00edas de la brigada de Casimiro G\u00f3mez identificaron [&hellip;]<\/p>\n","protected":false},"author":1,"featured_media":64,"comment_status":"open","ping_status":"open","sticky":false,"template":"","format":"standard","meta":{"footnotes":""},"categories":[29,31],"tags":[32,33,34],"class_list":["post-63","post","type-post","status-publish","format-standard","has-post-thumbnail","hentry","category-chacabuco","category-villa-del-carmen","tag-caza","tag-cazadores-furtivos","tag-villa-del-carmen"],"_links":{"self":[{"href":"https:\/\/vecinosdelinterior.com\/index.php\/wp-json\/wp\/v2\/posts\/63","targetHints":{"allow":["GET"]}}],"collection":[{"href":"https:\/\/vecinosdelinterior.com\/index.php\/wp-json\/wp\/v2\/posts"}],"about":[{"href":"https:\/\/vecinosdelinterior.com\/index.php\/wp-json\/wp\/v2\/types\/post"}],"author":[{"embeddable":true,"href":"https:\/\/vecinosdelinterior.com\/index.php\/wp-json\/wp\/v2\/users\/1"}],"replies":[{"embeddable":true,"href":"https:\/\/vecinosdelinterior.com\/index.php\/wp-json\/wp\/v2\/comments?post=63"}],"version-history":[{"count":1,"href":"https:\/\/vecinosdelinterior.com\/index.php\/wp-json\/wp\/v2\/posts\/63\/revisions"}],"predecessor-version":[{"id":65,"href":"https:\/\/vecinosdelinterior.com\/index.php\/wp-json\/wp\/v2\/posts\/63\/revisions\/65"}],"wp:featuredmedia":[{"embeddable":true,"href":"https:\/\/vecinosdelinterior.com\/index.php\/wp-json\/wp\/v2\/media\/64"}],"wp:attachment":[{"href":"https:\/\/vecinosdelinterior.com\/index.php\/wp-json\/wp\/v2\/media?parent=63"}],"wp:term":[{"taxonomy":"category","embeddable":true,"href":"https:\/\/vecinosdelinterior.com\/index.php\/wp-json\/wp\/v2\/categories?post=63"},{"taxonomy":"post_tag","embeddable":true,"href":"https:\/\/vecinosdelinterior.com\/index.php\/wp-json\/wp\/v2\/tags?post=63"}],"curies":[{"name":"wp","href":"https:\/\/api.w.org\/{rel}","templated":true}]}}