{"id":6303,"date":"2026-02-05T00:11:48","date_gmt":"2026-02-05T03:11:48","guid":{"rendered":"https:\/\/vecinosdelinterior.com\/?p=6303"},"modified":"2026-02-06T00:09:51","modified_gmt":"2026-02-06T03:09:51","slug":"fuerte-temporal-afecto-al-norte-y-noroeste-provincial","status":"publish","type":"post","link":"https:\/\/vecinosdelinterior.com\/index.php\/2026\/02\/05\/fuerte-temporal-afecto-al-norte-y-noroeste-provincial\/","title":{"rendered":"Fuerte temporal afect\u00f3 al norte y noroeste provincial"},"content":{"rendered":"\n<p>Vecinos del Interior Puntano \/ 05 de febrero<br>Se informa que durante la noche del mi\u00e9rcoles 4 y la madrugada del jueves 5 se registraron intensas lluvias y tormentas en el norte y noroeste de la provincia, lo que gener\u00f3 diversas intervenciones preventivas y operativas por parte de los organismos de emergencia, en coordinaci\u00f3n con los municipios de las zonas afectadas.<br>De acuerdo a los relevamientos realizados y a la informaci\u00f3n aportada por autoridades locales a la Direcci\u00f3n de Prevenci\u00f3n y Gesti\u00f3n de la Emergencia del Ministerio de Seguridad, las localidades m\u00e1s afectadas fueron las siguientes:<\/p>\n\n\n\n<ul class=\"wp-block-list\">\n<li>Villa de Merlo: se registraron anegaciones en dos viviendas y la ca\u00edda de \u00e1rboles. Trabajaron en el lugar Bomberos Voluntarios y personal de Defensa Civil.<\/li>\n\n\n\n<li>Cortaderas: se reportaron calles anegadas y el ingreso de agua a dos viviendas ubicadas sobre la calle principal del Paraje Balcarce. Intervino Bomberos Voluntarios.<\/li>\n\n\n\n<li>San Francisco: se realizaron recorridos preventivos y se dispusieron cortes de calles. Trabajaron el municipio y Bomberos Voluntarios.<\/li>\n\n\n\n<li>Alem: Bomberos Voluntarios de San Francisco del Monte de Oro, junto al municipio, llevaron adelante evacuaciones preventivas de algunas familias.<\/li>\n\n\n\n<li>Paraje El Durazno: se registr\u00f3 una vivienda inundada.<\/li>\n\n\n\n<li>Santa Rosa del Conlara: se procedi\u00f3 a la apertura de compuertas y a la evacuaci\u00f3n preventiva del camping municipal.<\/li>\n\n\n\n<li>Quines: se produjeron ca\u00eddas de postes y \u00e1rboles, cables cortados y abundante ca\u00edda de agua y piedra. Se realizaron evacuaciones preventivas de personas y se report\u00f3 la ca\u00edda de un \u00e1rbol en el acceso al hospital.<br>Asimismo, se inform\u00f3 que las precipitaciones continuaron durante la noche en las zonas m\u00e1s afectadas, aunque con menor intensidad, y que con el transcurso de las horas el nivel del agua comenz\u00f3 a descender en aquellos sectores donde se hab\u00eda registrado mayor caudal durante el momento m\u00e1s intenso de las tormentas.<br>Con el comienzo de las primeras horas de luz, los recorridos preventivos y de relevamiento ser\u00e1n intensificados, con el objetivo de tomar pleno conocimiento de las zonas afectadas y de los inconvenientes que pudieran existir, teniendo en cuenta que durante la noche las tareas se vieron dificultadas para Bomberos Voluntarios y personal policial debido a las condiciones clim\u00e1ticas adversas.<br>Las tareas de asistencia, control y prevenci\u00f3n contin\u00faan, manteni\u00e9ndose el monitoreo permanente de la situaci\u00f3n clim\u00e1tica y de los sectores vulnerables, priorizando la seguridad de los vecinos y la atenci\u00f3n de las emergencias registradas.<br>En caso de emergencia se solicita a la comunidad comunicarse con el 911, 103 o solicitar asistencia a personal policial o municipal de sus localidades.<br>Finalmente, se recomienda circular con extrema precauci\u00f3n por las calles de las localidades afectadas, debido a la posible ca\u00edda de \u00e1rboles, postes y la presencia de cables cortados, a fin de evitar accidentes y resguardar la seguridad de la poblaci\u00f3n.<\/li>\n<\/ul>\n\n\n\n<figure class=\"wp-block-gallery has-nested-images columns-default is-cropped wp-block-gallery-1 is-layout-flex wp-block-gallery-is-layout-flex\">\n<figure class=\"wp-block-image size-large\"><img fetchpriority=\"high\" decoding=\"async\" width=\"351\" height=\"587\" data-id=\"6306\" src=\"https:\/\/vecinosdelinterior.com\/wp-content\/uploads\/2026\/02\/5-2-2026-10-10-14.png\" alt=\"\" class=\"wp-image-6306\" srcset=\"https:\/\/vecinosdelinterior.com\/wp-content\/uploads\/2026\/02\/5-2-2026-10-10-14.png 351w, https:\/\/vecinosdelinterior.com\/wp-content\/uploads\/2026\/02\/5-2-2026-10-10-14-179x300.png 179w\" sizes=\"(max-width: 351px) 100vw, 351px\" \/><\/figure>\n\n\n\n<figure class=\"wp-block-image size-large\"><img decoding=\"async\" width=\"966\" height=\"692\" data-id=\"6304\" src=\"https:\/\/vecinosdelinterior.com\/wp-content\/uploads\/2026\/02\/627825163_1845709603039016_8719005931667439458_n.jpg\" alt=\"\" class=\"wp-image-6304\" srcset=\"https:\/\/vecinosdelinterior.com\/wp-content\/uploads\/2026\/02\/627825163_1845709603039016_8719005931667439458_n.jpg 966w, https:\/\/vecinosdelinterior.com\/wp-content\/uploads\/2026\/02\/627825163_1845709603039016_8719005931667439458_n-300x215.jpg 300w, https:\/\/vecinosdelinterior.com\/wp-content\/uploads\/2026\/02\/627825163_1845709603039016_8719005931667439458_n-768x550.jpg 768w, https:\/\/vecinosdelinterior.com\/wp-content\/uploads\/2026\/02\/627825163_1845709603039016_8719005931667439458_n-120x86.jpg 120w, https:\/\/vecinosdelinterior.com\/wp-content\/uploads\/2026\/02\/627825163_1845709603039016_8719005931667439458_n-350x250.jpg 350w, https:\/\/vecinosdelinterior.com\/wp-content\/uploads\/2026\/02\/627825163_1845709603039016_8719005931667439458_n-750x537.jpg 750w\" sizes=\"(max-width: 966px) 100vw, 966px\" \/><\/figure>\n\n\n\n<figure class=\"wp-block-image size-large\"><img decoding=\"async\" width=\"605\" height=\"1024\" data-id=\"6305\" src=\"https:\/\/vecinosdelinterior.com\/wp-content\/uploads\/2026\/02\/628030779_1498697828931548_7064337176214931838_n-605x1024.jpg\" alt=\"\" class=\"wp-image-6305\" srcset=\"https:\/\/vecinosdelinterior.com\/wp-content\/uploads\/2026\/02\/628030779_1498697828931548_7064337176214931838_n-605x1024.jpg 605w, https:\/\/vecinosdelinterior.com\/wp-content\/uploads\/2026\/02\/628030779_1498697828931548_7064337176214931838_n-177x300.jpg 177w, https:\/\/vecinosdelinterior.com\/wp-content\/uploads\/2026\/02\/628030779_1498697828931548_7064337176214931838_n-768x1299.jpg 768w, https:\/\/vecinosdelinterior.com\/wp-content\/uploads\/2026\/02\/628030779_1498697828931548_7064337176214931838_n-908x1536.jpg 908w, https:\/\/vecinosdelinterior.com\/wp-content\/uploads\/2026\/02\/628030779_1498697828931548_7064337176214931838_n-750x1268.jpg 750w, https:\/\/vecinosdelinterior.com\/wp-content\/uploads\/2026\/02\/628030779_1498697828931548_7064337176214931838_n.jpg 946w\" sizes=\"(max-width: 605px) 100vw, 605px\" \/><\/figure>\n<\/figure>\n","protected":false},"excerpt":{"rendered":"<p>Vecinos del Interior Puntano \/ 05 de febreroSe informa que durante la noche del mi\u00e9rcoles 4 y la madrugada del jueves 5 se registraron intensas lluvias y tormentas en el norte y noroeste de la provincia, lo que gener\u00f3 diversas intervenciones preventivas y operativas por parte de los organismos de emergencia, en coordinaci\u00f3n con los [&hellip;]<\/p>\n","protected":false},"author":1,"featured_media":6307,"comment_status":"open","ping_status":"open","sticky":false,"template":"","format":"standard","meta":{"footnotes":""},"categories":[80],"tags":[],"class_list":["post-6303","post","type-post","status-publish","format-standard","has-post-thumbnail","hentry","category-general"],"_links":{"self":[{"href":"https:\/\/vecinosdelinterior.com\/index.php\/wp-json\/wp\/v2\/posts\/6303","targetHints":{"allow":["GET"]}}],"collection":[{"href":"https:\/\/vecinosdelinterior.com\/index.php\/wp-json\/wp\/v2\/posts"}],"about":[{"href":"https:\/\/vecinosdelinterior.com\/index.php\/wp-json\/wp\/v2\/types\/post"}],"author":[{"embeddable":true,"href":"https:\/\/vecinosdelinterior.com\/index.php\/wp-json\/wp\/v2\/users\/1"}],"replies":[{"embeddable":true,"href":"https:\/\/vecinosdelinterior.com\/index.php\/wp-json\/wp\/v2\/comments?post=6303"}],"version-history":[{"count":1,"href":"https:\/\/vecinosdelinterior.com\/index.php\/wp-json\/wp\/v2\/posts\/6303\/revisions"}],"predecessor-version":[{"id":6308,"href":"https:\/\/vecinosdelinterior.com\/index.php\/wp-json\/wp\/v2\/posts\/6303\/revisions\/6308"}],"wp:featuredmedia":[{"embeddable":true,"href":"https:\/\/vecinosdelinterior.com\/index.php\/wp-json\/wp\/v2\/media\/6307"}],"wp:attachment":[{"href":"https:\/\/vecinosdelinterior.com\/index.php\/wp-json\/wp\/v2\/media?parent=6303"}],"wp:term":[{"taxonomy":"category","embeddable":true,"href":"https:\/\/vecinosdelinterior.com\/index.php\/wp-json\/wp\/v2\/categories?post=6303"},{"taxonomy":"post_tag","embeddable":true,"href":"https:\/\/vecinosdelinterior.com\/index.php\/wp-json\/wp\/v2\/tags?post=6303"}],"curies":[{"name":"wp","href":"https:\/\/api.w.org\/{rel}","templated":true}]}}