{"id":6309,"date":"2026-02-04T22:12:00","date_gmt":"2026-02-05T01:12:00","guid":{"rendered":"https:\/\/vecinosdelinterior.com\/?p=6309"},"modified":"2026-02-05T10:13:07","modified_gmt":"2026-02-05T13:13:07","slug":"atencion-vecinos-de-san-francisco","status":"publish","type":"post","link":"https:\/\/vecinosdelinterior.com\/index.php\/2026\/02\/04\/atencion-vecinos-de-san-francisco\/","title":{"rendered":"Atenci\u00f3n vecinos de San Francisco"},"content":{"rendered":"\n<p>VECINOSDELINTERIOR.COM \/ 05 DE FEBRERO<br>Debido a la crecida informada previamente, se proceder\u00e1 a la apertura del descargador de fondo del Dique Las Palmeras.<br>Actualmente, el embalse se encuentra a 50 cm de su capacidad m\u00e1xima, como consecuencia del importante caudal ingresante.<br>Esta maniobra tiene como objetivo regular y equilibrar el nivel del dique de manera controlada, priorizando la seguridad de la poblaci\u00f3n.<br>\u26a0\ufe0f \u00bfQu\u00e9 puede ocurrir?<br>Si las lluvias contin\u00faan, el agua podr\u00eda comenzar a verter por el vertedero a partir de la medianoche de hoy o durante la ma\u00f1ana.<br>Las autoridades mantienen monitoreo permanente de la situaci\u00f3n.<br>\ud83d\udc49 Mantenete informado por los canales oficiales.<\/p>\n\n\n\n<p><\/p>\n\n\n\n<figure class=\"wp-block-image size-large\"><img fetchpriority=\"high\" decoding=\"async\" width=\"819\" height=\"1024\" src=\"https:\/\/vecinosdelinterior.com\/wp-content\/uploads\/2026\/02\/625376424_763852593432096_1769956422975863304_n-819x1024.jpg\" alt=\"\" class=\"wp-image-6310\" srcset=\"https:\/\/vecinosdelinterior.com\/wp-content\/uploads\/2026\/02\/625376424_763852593432096_1769956422975863304_n-819x1024.jpg 819w, https:\/\/vecinosdelinterior.com\/wp-content\/uploads\/2026\/02\/625376424_763852593432096_1769956422975863304_n-240x300.jpg 240w, https:\/\/vecinosdelinterior.com\/wp-content\/uploads\/2026\/02\/625376424_763852593432096_1769956422975863304_n-768x960.jpg 768w, https:\/\/vecinosdelinterior.com\/wp-content\/uploads\/2026\/02\/625376424_763852593432096_1769956422975863304_n-1229x1536.jpg 1229w, https:\/\/vecinosdelinterior.com\/wp-content\/uploads\/2026\/02\/625376424_763852593432096_1769956422975863304_n-750x938.jpg 750w, https:\/\/vecinosdelinterior.com\/wp-content\/uploads\/2026\/02\/625376424_763852593432096_1769956422975863304_n-1140x1425.jpg 1140w, https:\/\/vecinosdelinterior.com\/wp-content\/uploads\/2026\/02\/625376424_763852593432096_1769956422975863304_n.jpg 1440w\" sizes=\"(max-width: 819px) 100vw, 819px\" \/><\/figure>\n","protected":false},"excerpt":{"rendered":"<p>VECINOSDELINTERIOR.COM \/ 05 DE FEBRERODebido a la crecida informada previamente, se proceder\u00e1 a la apertura del descargador de fondo del Dique Las Palmeras.Actualmente, el embalse se encuentra a 50 cm de su capacidad m\u00e1xima, como consecuencia del importante caudal ingresante.Esta maniobra tiene como objetivo regular y equilibrar el nivel del dique de manera controlada, priorizando [&hellip;]<\/p>\n","protected":false},"author":1,"featured_media":6310,"comment_status":"open","ping_status":"open","sticky":false,"template":"","format":"standard","meta":{"footnotes":""},"categories":[8,9],"tags":[],"class_list":["post-6309","post","type-post","status-publish","format-standard","has-post-thumbnail","hentry","category-ayacucho","category-san-francisco"],"_links":{"self":[{"href":"https:\/\/vecinosdelinterior.com\/index.php\/wp-json\/wp\/v2\/posts\/6309","targetHints":{"allow":["GET"]}}],"collection":[{"href":"https:\/\/vecinosdelinterior.com\/index.php\/wp-json\/wp\/v2\/posts"}],"about":[{"href":"https:\/\/vecinosdelinterior.com\/index.php\/wp-json\/wp\/v2\/types\/post"}],"author":[{"embeddable":true,"href":"https:\/\/vecinosdelinterior.com\/index.php\/wp-json\/wp\/v2\/users\/1"}],"replies":[{"embeddable":true,"href":"https:\/\/vecinosdelinterior.com\/index.php\/wp-json\/wp\/v2\/comments?post=6309"}],"version-history":[{"count":1,"href":"https:\/\/vecinosdelinterior.com\/index.php\/wp-json\/wp\/v2\/posts\/6309\/revisions"}],"predecessor-version":[{"id":6311,"href":"https:\/\/vecinosdelinterior.com\/index.php\/wp-json\/wp\/v2\/posts\/6309\/revisions\/6311"}],"wp:featuredmedia":[{"embeddable":true,"href":"https:\/\/vecinosdelinterior.com\/index.php\/wp-json\/wp\/v2\/media\/6310"}],"wp:attachment":[{"href":"https:\/\/vecinosdelinterior.com\/index.php\/wp-json\/wp\/v2\/media?parent=6309"}],"wp:term":[{"taxonomy":"category","embeddable":true,"href":"https:\/\/vecinosdelinterior.com\/index.php\/wp-json\/wp\/v2\/categories?post=6309"},{"taxonomy":"post_tag","embeddable":true,"href":"https:\/\/vecinosdelinterior.com\/index.php\/wp-json\/wp\/v2\/tags?post=6309"}],"curies":[{"name":"wp","href":"https:\/\/api.w.org\/{rel}","templated":true}]}}