{"id":632,"date":"2023-09-06T10:25:39","date_gmt":"2023-09-06T13:25:39","guid":{"rendered":"https:\/\/vecinosdelinterior.com\/?p=632"},"modified":"2023-09-06T10:25:40","modified_gmt":"2023-09-06T13:25:40","slug":"mas-arboles-mas-vida-entregaron-especies-en-el-departamento-san-martin","status":"publish","type":"post","link":"https:\/\/vecinosdelinterior.com\/index.php\/2023\/09\/06\/mas-arboles-mas-vida-entregaron-especies-en-el-departamento-san-martin\/","title":{"rendered":"\u201cM\u00e1s \u00e1rboles, m\u00e1s vida\u201d: entregaron especies en el departamento San Mart\u00edn"},"content":{"rendered":"\n<p>Est\u00e1 ma\u00f1ana, la plaza principal de San Mart\u00edn fue sede de la entrega de 700 ejemplares de moras, fresnos, sauces y \u00e1lamos. Tambi\u00e9n entregaron 300 \u00e1rboles en la localidad de Las Chacras.<\/p>\n\n\n\n<p>Hugo Videla, vecino de la localidad cabecera del departamento San Mart\u00edn, se acerc\u00f3 con mucho entusiasmo al acto y se fue con un fresno. \u201cLo vamos a cuidar mucho para que nos de sombra este a\u00f1o\u201d.<\/p>\n\n\n\n<figure class=\"wp-block-gallery has-nested-images columns-default is-cropped wp-block-gallery-1 is-layout-flex wp-block-gallery-is-layout-flex\">\n<figure class=\"wp-block-image size-large\"><img fetchpriority=\"high\" decoding=\"async\" width=\"1024\" height=\"683\" data-id=\"633\" src=\"https:\/\/vecinosdelinterior.com\/wp-content\/uploads\/2023\/09\/LOR3013-2048x1366-1-1024x683.jpg\" alt=\"\" class=\"wp-image-633\" srcset=\"https:\/\/vecinosdelinterior.com\/wp-content\/uploads\/2023\/09\/LOR3013-2048x1366-1-1024x683.jpg 1024w, https:\/\/vecinosdelinterior.com\/wp-content\/uploads\/2023\/09\/LOR3013-2048x1366-1-300x200.jpg 300w, https:\/\/vecinosdelinterior.com\/wp-content\/uploads\/2023\/09\/LOR3013-2048x1366-1-768x512.jpg 768w, https:\/\/vecinosdelinterior.com\/wp-content\/uploads\/2023\/09\/LOR3013-2048x1366-1-1536x1025.jpg 1536w, https:\/\/vecinosdelinterior.com\/wp-content\/uploads\/2023\/09\/LOR3013-2048x1366-1-750x500.jpg 750w, https:\/\/vecinosdelinterior.com\/wp-content\/uploads\/2023\/09\/LOR3013-2048x1366-1-1140x760.jpg 1140w, https:\/\/vecinosdelinterior.com\/wp-content\/uploads\/2023\/09\/LOR3013-2048x1366-1.jpg 2048w\" sizes=\"(max-width: 1024px) 100vw, 1024px\" \/><\/figure>\n\n\n\n<figure class=\"wp-block-image size-large\"><img decoding=\"async\" width=\"1024\" height=\"683\" data-id=\"634\" src=\"https:\/\/vecinosdelinterior.com\/wp-content\/uploads\/2023\/09\/LOR3004-2048x1365-1-1024x683.jpg\" alt=\"\" class=\"wp-image-634\" srcset=\"https:\/\/vecinosdelinterior.com\/wp-content\/uploads\/2023\/09\/LOR3004-2048x1365-1-1024x683.jpg 1024w, https:\/\/vecinosdelinterior.com\/wp-content\/uploads\/2023\/09\/LOR3004-2048x1365-1-300x200.jpg 300w, https:\/\/vecinosdelinterior.com\/wp-content\/uploads\/2023\/09\/LOR3004-2048x1365-1-768x512.jpg 768w, https:\/\/vecinosdelinterior.com\/wp-content\/uploads\/2023\/09\/LOR3004-2048x1365-1-1536x1024.jpg 1536w, https:\/\/vecinosdelinterior.com\/wp-content\/uploads\/2023\/09\/LOR3004-2048x1365-1-750x500.jpg 750w, https:\/\/vecinosdelinterior.com\/wp-content\/uploads\/2023\/09\/LOR3004-2048x1365-1-1140x760.jpg 1140w, https:\/\/vecinosdelinterior.com\/wp-content\/uploads\/2023\/09\/LOR3004-2048x1365-1.jpg 2048w\" sizes=\"(max-width: 1024px) 100vw, 1024px\" \/><\/figure>\n<\/figure>\n\n\n\n<p>Por su parte, Sergio, quien vive en la Quebrada de San Vicente, expres\u00f3: \u201cMe enter\u00e9 por los medios de esta entrega por parte de la Secretar\u00eda de Ambiente y decid\u00ed acercarme para llevar plantas y colaborar con mi granito de arena con la forestaci\u00f3n provincial\u201d.<\/p>\n\n\n\n<p>La Secretar\u00eda de Ambiente, a trav\u00e9s del Programa Planificaci\u00f3n Forestal \u201cM\u00e1s \u00e1rboles, m\u00e1s vida\u201d contin\u00faa con la entrega de \u00e1rboles en diferentes espacios del mapa sanluise\u00f1o. El objetivo es preciso: fortalecer el compromiso ambiental de la comunidad puntana, para que, entre todos, preservar el patrimonio natural de San Luis.<\/p>\n","protected":false},"excerpt":{"rendered":"<p>Est\u00e1 ma\u00f1ana, la plaza principal de San Mart\u00edn fue sede de la entrega de 700 ejemplares de moras, fresnos, sauces y \u00e1lamos. Tambi\u00e9n entregaron 300 \u00e1rboles en la localidad de Las Chacras. Hugo Videla, vecino de la localidad cabecera del departamento San Mart\u00edn, se acerc\u00f3 con mucho entusiasmo al acto y se fue con un [&hellip;]<\/p>\n","protected":false},"author":1,"featured_media":634,"comment_status":"open","ping_status":"open","sticky":false,"template":"","format":"standard","meta":{"footnotes":""},"categories":[185,67],"tags":[202],"class_list":["post-632","post","type-post","status-publish","format-standard","has-post-thumbnail","hentry","category-las-chacras","category-san-martin","tag-forestacion"],"_links":{"self":[{"href":"https:\/\/vecinosdelinterior.com\/index.php\/wp-json\/wp\/v2\/posts\/632","targetHints":{"allow":["GET"]}}],"collection":[{"href":"https:\/\/vecinosdelinterior.com\/index.php\/wp-json\/wp\/v2\/posts"}],"about":[{"href":"https:\/\/vecinosdelinterior.com\/index.php\/wp-json\/wp\/v2\/types\/post"}],"author":[{"embeddable":true,"href":"https:\/\/vecinosdelinterior.com\/index.php\/wp-json\/wp\/v2\/users\/1"}],"replies":[{"embeddable":true,"href":"https:\/\/vecinosdelinterior.com\/index.php\/wp-json\/wp\/v2\/comments?post=632"}],"version-history":[{"count":1,"href":"https:\/\/vecinosdelinterior.com\/index.php\/wp-json\/wp\/v2\/posts\/632\/revisions"}],"predecessor-version":[{"id":635,"href":"https:\/\/vecinosdelinterior.com\/index.php\/wp-json\/wp\/v2\/posts\/632\/revisions\/635"}],"wp:featuredmedia":[{"embeddable":true,"href":"https:\/\/vecinosdelinterior.com\/index.php\/wp-json\/wp\/v2\/media\/634"}],"wp:attachment":[{"href":"https:\/\/vecinosdelinterior.com\/index.php\/wp-json\/wp\/v2\/media?parent=632"}],"wp:term":[{"taxonomy":"category","embeddable":true,"href":"https:\/\/vecinosdelinterior.com\/index.php\/wp-json\/wp\/v2\/categories?post=632"},{"taxonomy":"post_tag","embeddable":true,"href":"https:\/\/vecinosdelinterior.com\/index.php\/wp-json\/wp\/v2\/tags?post=632"}],"curies":[{"name":"wp","href":"https:\/\/api.w.org\/{rel}","templated":true}]}}