{"id":6343,"date":"2026-02-09T00:18:19","date_gmt":"2026-02-09T03:18:19","guid":{"rendered":"https:\/\/vecinosdelinterior.com\/?p=6343"},"modified":"2026-02-10T00:20:15","modified_gmt":"2026-02-10T03:20:15","slug":"la-calera-un-hombre-herido-tras-choque-en-el-empalme-de-la-ruta-provincial-35-y-la-ruta-nacional-147","status":"publish","type":"post","link":"https:\/\/vecinosdelinterior.com\/index.php\/2026\/02\/09\/la-calera-un-hombre-herido-tras-choque-en-el-empalme-de-la-ruta-provincial-35-y-la-ruta-nacional-147\/","title":{"rendered":"La Calera: un hombre herido tras choque en el empalme de la ruta provincial 35 y la ruta nacional 147"},"content":{"rendered":"\n<p>Vecinos del Interior Puntano \/ 09 de febrero<br>Desde la Subcomisar\u00eda 5\u00b0 de la Unidad Regional de Orden P\u00fablico (UROP) N\u00b0 5 informaron que este lunes 9 de febrero, alrededor de las 13:15, se produjo un accidente de tr\u00e1nsito en el empalme de la ruta provincial 35 y la ruta nacional 147, en el ingreso a la localidad de La Calera.<br>En ese sitio colisionaron un cami\u00f3n Mercedes Benz L1114\/48 que era conducido por un hombre de 37 a\u00f1os (con domicilio en la ciudad de San Luis) y una camioneta Toyota Hilux que era conducida por un hombre de 32 a\u00f1os de edad (con domicilio en la ciudad de San Luis).<br>De acuerdo a las averiguaciones policiales, el cami\u00f3n circulaba de oeste a este por la ruta provincial 35, y antes de llegar al empalme con la ruta nacional 147 el chofer advirti\u00f3 una falla en los frenos, por lo que no pudo controlar el rodado y continu\u00f3 su marcha, siendo impactado en la parte trasera por la camioneta Toyota Hilux que circulaba de norte a sur por la ruta nacional 147.<br>A ra\u00edz de la colisi\u00f3n, el hombre de 32 a\u00f1os que conduc\u00eda la camioneta result\u00f3 herido, por lo que fue asistido en el lugar por personal de salud de La Calera y posteriormente fue trasladado en ambulancia hacia el Hospital Central \u201cDr. Ram\u00f3n Carrillo\u201d para recibir atenci\u00f3n m\u00e9dica m\u00e1s compleja.<\/p>\n\n\n\n<p><\/p>\n\n\n\n<figure class=\"wp-block-gallery has-nested-images columns-default is-cropped wp-block-gallery-1 is-layout-flex wp-block-gallery-is-layout-flex\">\n<figure class=\"wp-block-image size-large\"><img fetchpriority=\"high\" decoding=\"async\" width=\"900\" height=\"687\" data-id=\"6344\" src=\"https:\/\/vecinosdelinterior.com\/wp-content\/uploads\/2026\/02\/628841057_767914433025912_7223027170496789158_n.jpg\" alt=\"\" class=\"wp-image-6344\" srcset=\"https:\/\/vecinosdelinterior.com\/wp-content\/uploads\/2026\/02\/628841057_767914433025912_7223027170496789158_n.jpg 900w, https:\/\/vecinosdelinterior.com\/wp-content\/uploads\/2026\/02\/628841057_767914433025912_7223027170496789158_n-300x229.jpg 300w, https:\/\/vecinosdelinterior.com\/wp-content\/uploads\/2026\/02\/628841057_767914433025912_7223027170496789158_n-768x586.jpg 768w, https:\/\/vecinosdelinterior.com\/wp-content\/uploads\/2026\/02\/628841057_767914433025912_7223027170496789158_n-750x573.jpg 750w\" sizes=\"(max-width: 900px) 100vw, 900px\" \/><\/figure>\n\n\n\n<figure class=\"wp-block-image size-large\"><img decoding=\"async\" width=\"594\" height=\"468\" data-id=\"6345\" src=\"https:\/\/vecinosdelinterior.com\/wp-content\/uploads\/2026\/02\/628402047_767914353025920_9037685809117505343_n.jpg\" alt=\"\" class=\"wp-image-6345\" srcset=\"https:\/\/vecinosdelinterior.com\/wp-content\/uploads\/2026\/02\/628402047_767914353025920_9037685809117505343_n.jpg 594w, https:\/\/vecinosdelinterior.com\/wp-content\/uploads\/2026\/02\/628402047_767914353025920_9037685809117505343_n-300x236.jpg 300w\" sizes=\"(max-width: 594px) 100vw, 594px\" \/><\/figure>\n<\/figure>\n","protected":false},"excerpt":{"rendered":"<p>Vecinos del Interior Puntano \/ 09 de febreroDesde la Subcomisar\u00eda 5\u00b0 de la Unidad Regional de Orden P\u00fablico (UROP) N\u00b0 5 informaron que este lunes 9 de febrero, alrededor de las 13:15, se produjo un accidente de tr\u00e1nsito en el empalme de la ruta provincial 35 y la ruta nacional 147, en el ingreso a [&hellip;]<\/p>\n","protected":false},"author":1,"featured_media":6345,"comment_status":"open","ping_status":"open","sticky":false,"template":"","format":"standard","meta":{"footnotes":""},"categories":[92,294],"tags":[],"class_list":["post-6343","post","type-post","status-publish","format-standard","has-post-thumbnail","hentry","category-belgrano","category-la-calera"],"_links":{"self":[{"href":"https:\/\/vecinosdelinterior.com\/index.php\/wp-json\/wp\/v2\/posts\/6343","targetHints":{"allow":["GET"]}}],"collection":[{"href":"https:\/\/vecinosdelinterior.com\/index.php\/wp-json\/wp\/v2\/posts"}],"about":[{"href":"https:\/\/vecinosdelinterior.com\/index.php\/wp-json\/wp\/v2\/types\/post"}],"author":[{"embeddable":true,"href":"https:\/\/vecinosdelinterior.com\/index.php\/wp-json\/wp\/v2\/users\/1"}],"replies":[{"embeddable":true,"href":"https:\/\/vecinosdelinterior.com\/index.php\/wp-json\/wp\/v2\/comments?post=6343"}],"version-history":[{"count":1,"href":"https:\/\/vecinosdelinterior.com\/index.php\/wp-json\/wp\/v2\/posts\/6343\/revisions"}],"predecessor-version":[{"id":6346,"href":"https:\/\/vecinosdelinterior.com\/index.php\/wp-json\/wp\/v2\/posts\/6343\/revisions\/6346"}],"wp:featuredmedia":[{"embeddable":true,"href":"https:\/\/vecinosdelinterior.com\/index.php\/wp-json\/wp\/v2\/media\/6345"}],"wp:attachment":[{"href":"https:\/\/vecinosdelinterior.com\/index.php\/wp-json\/wp\/v2\/media?parent=6343"}],"wp:term":[{"taxonomy":"category","embeddable":true,"href":"https:\/\/vecinosdelinterior.com\/index.php\/wp-json\/wp\/v2\/categories?post=6343"},{"taxonomy":"post_tag","embeddable":true,"href":"https:\/\/vecinosdelinterior.com\/index.php\/wp-json\/wp\/v2\/tags?post=6343"}],"curies":[{"name":"wp","href":"https:\/\/api.w.org\/{rel}","templated":true}]}}