{"id":636,"date":"2023-09-07T09:23:30","date_gmt":"2023-09-07T12:23:30","guid":{"rendered":"https:\/\/vecinosdelinterior.com\/?p=636"},"modified":"2023-09-07T09:23:31","modified_gmt":"2023-09-07T12:23:31","slug":"cortaderas-y-villa-larca-se-preparan-para-la-temporada-de-verano","status":"publish","type":"post","link":"https:\/\/vecinosdelinterior.com\/index.php\/2023\/09\/07\/cortaderas-y-villa-larca-se-preparan-para-la-temporada-de-verano\/","title":{"rendered":"Cortaderas y Villa Larca se preparan para la temporada de verano"},"content":{"rendered":"\n<p>La transici\u00f3n institucional que se realiza en ambas localidades ir\u00e1 de la mano de nuevas pol\u00edticas tur\u00edsticas. De eso dialogaron este mi\u00e9rcoles el secretario de Turismo, Luis \u201cPiri\u201d Macagno, con los intendentes electos de Cortaderas, Macarena Ben\u00edtez y de Villa Larca, Mateo V\u00edlchez.<\/p>\n\n\n\n<p>Durante el encuentro, realizado en el despacho del secretario, se avanz\u00f3 en el an\u00e1lisis de la realidad tur\u00edstica de cada lugar y la posibilidad de dise\u00f1ar nuevas estrategias y acciones que potencien el turismo de la zona.<\/p>\n\n\n\n<p>\u201cLa idea es diagramar algunas acciones que est\u00e1n referidas a lo que compete a la localidad de Cortaderas, hablando de lo que es turismo, el tema central fue el Dique Piscu Yaco\u201d, inform\u00f3 la intendenta que asumir\u00e1 en diciembre.<\/p>\n\n\n\n<figure class=\"wp-block-image size-large\"><img fetchpriority=\"high\" decoding=\"async\" width=\"1024\" height=\"578\" src=\"https:\/\/vecinosdelinterior.com\/wp-content\/uploads\/2023\/09\/REUNION-INTENDENTES-1-1024x578.jpg\" alt=\"\" class=\"wp-image-637\" srcset=\"https:\/\/vecinosdelinterior.com\/wp-content\/uploads\/2023\/09\/REUNION-INTENDENTES-1-1024x578.jpg 1024w, https:\/\/vecinosdelinterior.com\/wp-content\/uploads\/2023\/09\/REUNION-INTENDENTES-1-300x169.jpg 300w, https:\/\/vecinosdelinterior.com\/wp-content\/uploads\/2023\/09\/REUNION-INTENDENTES-1-768x433.jpg 768w, https:\/\/vecinosdelinterior.com\/wp-content\/uploads\/2023\/09\/REUNION-INTENDENTES-1-750x423.jpg 750w, https:\/\/vecinosdelinterior.com\/wp-content\/uploads\/2023\/09\/REUNION-INTENDENTES-1.jpg 1083w\" sizes=\"(max-width: 1024px) 100vw, 1024px\" \/><\/figure>\n\n\n\n<p>En cuanto a los planes futuros, la titular del Ejecutivo municipal explic\u00f3 que trabajar\u00e1n de forma mancomunada en el crecimiento del lugar para el beneficio de los habitantes y turistas.<\/p>\n\n\n\n<p>Villa Larca suma propuestas tur\u00edsticas<\/p>\n\n\n\n<p>Por otra parte, el intendente electo de Villa Larca, Mateo V\u00edlchez, se refiri\u00f3 a la reuni\u00f3n con Macagno y a los eventos y actividades que buscan promover en los pr\u00f3ximos meses.<\/p>\n\n\n\n<p>\u201cLa verdad que agradecido al secretario por recibirnos siempre, estamos muy contentos. Tenemos varias actividades que queremos desarrollar en la localidad referidas al turismo, as\u00ed que contento de que nos haya escuchado. Ahora nos pondremos a trabajar en el calendario 2024\u201d, indic\u00f3.<\/p>\n\n\n\n<p>Participaron tambi\u00e9n del encuentro funcionarios de la Secretar\u00eda de Turismo.<\/p>\n","protected":false},"excerpt":{"rendered":"<p>La transici\u00f3n institucional que se realiza en ambas localidades ir\u00e1 de la mano de nuevas pol\u00edticas tur\u00edsticas. De eso dialogaron este mi\u00e9rcoles el secretario de Turismo, Luis \u201cPiri\u201d Macagno, con los intendentes electos de Cortaderas, Macarena Ben\u00edtez y de Villa Larca, Mateo V\u00edlchez. Durante el encuentro, realizado en el despacho del secretario, se avanz\u00f3 en [&hellip;]<\/p>\n","protected":false},"author":1,"featured_media":637,"comment_status":"open","ping_status":"open","sticky":false,"template":"","format":"standard","meta":{"footnotes":""},"categories":[29,89],"tags":[203,175,204],"class_list":["post-636","post","type-post","status-publish","format-standard","has-post-thumbnail","hentry","category-chacabuco","category-villa-larca","tag-cortaderas","tag-turismo","tag-villa-larca"],"_links":{"self":[{"href":"https:\/\/vecinosdelinterior.com\/index.php\/wp-json\/wp\/v2\/posts\/636","targetHints":{"allow":["GET"]}}],"collection":[{"href":"https:\/\/vecinosdelinterior.com\/index.php\/wp-json\/wp\/v2\/posts"}],"about":[{"href":"https:\/\/vecinosdelinterior.com\/index.php\/wp-json\/wp\/v2\/types\/post"}],"author":[{"embeddable":true,"href":"https:\/\/vecinosdelinterior.com\/index.php\/wp-json\/wp\/v2\/users\/1"}],"replies":[{"embeddable":true,"href":"https:\/\/vecinosdelinterior.com\/index.php\/wp-json\/wp\/v2\/comments?post=636"}],"version-history":[{"count":1,"href":"https:\/\/vecinosdelinterior.com\/index.php\/wp-json\/wp\/v2\/posts\/636\/revisions"}],"predecessor-version":[{"id":638,"href":"https:\/\/vecinosdelinterior.com\/index.php\/wp-json\/wp\/v2\/posts\/636\/revisions\/638"}],"wp:featuredmedia":[{"embeddable":true,"href":"https:\/\/vecinosdelinterior.com\/index.php\/wp-json\/wp\/v2\/media\/637"}],"wp:attachment":[{"href":"https:\/\/vecinosdelinterior.com\/index.php\/wp-json\/wp\/v2\/media?parent=636"}],"wp:term":[{"taxonomy":"category","embeddable":true,"href":"https:\/\/vecinosdelinterior.com\/index.php\/wp-json\/wp\/v2\/categories?post=636"},{"taxonomy":"post_tag","embeddable":true,"href":"https:\/\/vecinosdelinterior.com\/index.php\/wp-json\/wp\/v2\/tags?post=636"}],"curies":[{"name":"wp","href":"https:\/\/api.w.org\/{rel}","templated":true}]}}