{"id":6367,"date":"2026-02-11T18:49:00","date_gmt":"2026-02-11T21:49:00","guid":{"rendered":"https:\/\/vecinosdelinterior.com\/?p=6367"},"modified":"2026-02-11T23:50:09","modified_gmt":"2026-02-12T02:50:09","slug":"las-nuevas-viviendas-avanzan-en-saladillo-juan-llerena-san-martin-y-la-vertiente","status":"publish","type":"post","link":"https:\/\/vecinosdelinterior.com\/index.php\/2026\/02\/11\/las-nuevas-viviendas-avanzan-en-saladillo-juan-llerena-san-martin-y-la-vertiente\/","title":{"rendered":"Las nuevas viviendas avanzan en Saladillo, Juan Llerena, San Mart\u00edn y La Vertiente"},"content":{"rendered":"\n<p>VECINOSDELINTERIOR.COM \/ 11 DE FEBRERO<br>Se trata de 18 hogares correspondientes al programa \u2018Tenemos Futuro\u2019. Las unidades habitacionales se construyen con estructuras de hormig\u00f3n armado resistente a sismos, techos de losa pretensada, mamposter\u00eda de ladrillo hueco y revoques en ambas caras.<br>La pol\u00edtica habitacional del Gobierno de San Luis contin\u00faa en marcha toda la provincia y en Saladillo, Juan Llerena, San Mart\u00edn y La Vertiente se levantan nuevas viviendas con distintos grados de avance.<\/p>\n\n\n\n<figure class=\"wp-block-gallery has-nested-images columns-default is-cropped wp-block-gallery-1 is-layout-flex wp-block-gallery-is-layout-flex\">\n<figure class=\"wp-block-image size-large\"><img fetchpriority=\"high\" decoding=\"async\" width=\"900\" height=\"600\" data-id=\"6368\" src=\"https:\/\/vecinosdelinterior.com\/wp-content\/uploads\/2026\/02\/San-Martin-3.jpeg\" alt=\"\" class=\"wp-image-6368\" srcset=\"https:\/\/vecinosdelinterior.com\/wp-content\/uploads\/2026\/02\/San-Martin-3.jpeg 900w, https:\/\/vecinosdelinterior.com\/wp-content\/uploads\/2026\/02\/San-Martin-3-300x200.jpeg 300w, https:\/\/vecinosdelinterior.com\/wp-content\/uploads\/2026\/02\/San-Martin-3-768x512.jpeg 768w, https:\/\/vecinosdelinterior.com\/wp-content\/uploads\/2026\/02\/San-Martin-3-750x500.jpeg 750w\" sizes=\"(max-width: 900px) 100vw, 900px\" \/><\/figure>\n\n\n\n<figure class=\"wp-block-image size-large\"><img decoding=\"async\" width=\"500\" height=\"412\" data-id=\"6369\" src=\"https:\/\/vecinosdelinterior.com\/wp-content\/uploads\/2026\/02\/Saladillo-2-500x412-1.jpeg\" alt=\"\" class=\"wp-image-6369\" srcset=\"https:\/\/vecinosdelinterior.com\/wp-content\/uploads\/2026\/02\/Saladillo-2-500x412-1.jpeg 500w, https:\/\/vecinosdelinterior.com\/wp-content\/uploads\/2026\/02\/Saladillo-2-500x412-1-300x247.jpeg 300w\" sizes=\"(max-width: 500px) 100vw, 500px\" \/><\/figure>\n<\/figure>\n\n\n\n<p><br>En San Mart\u00edn, donde se ejecutan 6 unidades, las obras muestran etapas diferenciadas. Algunas viviendas a\u00fan transitan la fase de mamposter\u00eda, con muros elevados y encadenados superiores ejecutados, mientras que otras ya presentan revoques exteriores y bases de tanques consolidadas. Las aberturas est\u00e1n definidas y los ambientes completamente delimitados, lo que marca el ingreso progresivo a la etapa de terminaciones.<br>En La Vertiente se construyen 4 viviendas que avanzan en su etapa estructural. La mamposter\u00eda perimetral e interior se encuentra pr\u00e1cticamente completa y los trabajos se concentran en la consolidaci\u00f3n del encadenado superior, paso previo al montaje de cubierta. El sobrecimiento y la capa aisladora ya fueron ejecutados, asegurando la protecci\u00f3n contra la humedad.<br>En Juan Llerena, otras 4 unidades ganan altura con la ejecuci\u00f3n de mamposter\u00eda, que en los sectores m\u00e1s avanzados ya alcanza la viga superior. Los trabajos se centran en el encadenado que vincula columnas y muros, garantizando rigidez estructural antes de iniciar la colocaci\u00f3n del techo. Los ambientes interiores y aberturas ya est\u00e1n claramente definidos.<br>Por su parte, en Saladillo se desarrollan 4 viviendas con avance escalonado. En algunas unidades la mamposter\u00eda y el encadenado superior ya est\u00e1n finalizados y comenz\u00f3 la colocaci\u00f3n de vigas para la cubierta, mientras que otras presentan revoque exterior aplicado. De esta manera, el conjunto ingresa progresivamente en la etapa de terminaciones.<br>Con distintos niveles de ejecuci\u00f3n, pero un ritmo sostenido de trabajo, las 18 viviendas avanzan hacia su consolidaci\u00f3n definitiva, acercando a cada localidad nuevas soluciones habitacionales.<\/p>\n","protected":false},"excerpt":{"rendered":"<p>VECINOSDELINTERIOR.COM \/ 11 DE FEBREROSe trata de 18 hogares correspondientes al programa \u2018Tenemos Futuro\u2019. Las unidades habitacionales se construyen con estructuras de hormig\u00f3n armado resistente a sismos, techos de losa pretensada, mamposter\u00eda de ladrillo hueco y revoques en ambas caras.La pol\u00edtica habitacional del Gobierno de San Luis contin\u00faa en marcha toda la provincia y en [&hellip;]<\/p>\n","protected":false},"author":1,"featured_media":6369,"comment_status":"open","ping_status":"open","sticky":false,"template":"","format":"standard","meta":{"footnotes":""},"categories":[80],"tags":[],"class_list":["post-6367","post","type-post","status-publish","format-standard","has-post-thumbnail","hentry","category-general"],"_links":{"self":[{"href":"https:\/\/vecinosdelinterior.com\/index.php\/wp-json\/wp\/v2\/posts\/6367","targetHints":{"allow":["GET"]}}],"collection":[{"href":"https:\/\/vecinosdelinterior.com\/index.php\/wp-json\/wp\/v2\/posts"}],"about":[{"href":"https:\/\/vecinosdelinterior.com\/index.php\/wp-json\/wp\/v2\/types\/post"}],"author":[{"embeddable":true,"href":"https:\/\/vecinosdelinterior.com\/index.php\/wp-json\/wp\/v2\/users\/1"}],"replies":[{"embeddable":true,"href":"https:\/\/vecinosdelinterior.com\/index.php\/wp-json\/wp\/v2\/comments?post=6367"}],"version-history":[{"count":1,"href":"https:\/\/vecinosdelinterior.com\/index.php\/wp-json\/wp\/v2\/posts\/6367\/revisions"}],"predecessor-version":[{"id":6370,"href":"https:\/\/vecinosdelinterior.com\/index.php\/wp-json\/wp\/v2\/posts\/6367\/revisions\/6370"}],"wp:featuredmedia":[{"embeddable":true,"href":"https:\/\/vecinosdelinterior.com\/index.php\/wp-json\/wp\/v2\/media\/6369"}],"wp:attachment":[{"href":"https:\/\/vecinosdelinterior.com\/index.php\/wp-json\/wp\/v2\/media?parent=6367"}],"wp:term":[{"taxonomy":"category","embeddable":true,"href":"https:\/\/vecinosdelinterior.com\/index.php\/wp-json\/wp\/v2\/categories?post=6367"},{"taxonomy":"post_tag","embeddable":true,"href":"https:\/\/vecinosdelinterior.com\/index.php\/wp-json\/wp\/v2\/tags?post=6367"}],"curies":[{"name":"wp","href":"https:\/\/api.w.org\/{rel}","templated":true}]}}