{"id":6371,"date":"2026-02-11T10:51:00","date_gmt":"2026-02-11T13:51:00","guid":{"rendered":"https:\/\/vecinosdelinterior.com\/?p=6371"},"modified":"2026-02-11T23:52:51","modified_gmt":"2026-02-12T02:52:51","slug":"tilisarao-el-carnaval-2026-celebra-la-cultura-tradiciones-y-la-fiesta-del-cuarteto","status":"publish","type":"post","link":"https:\/\/vecinosdelinterior.com\/index.php\/2026\/02\/11\/tilisarao-el-carnaval-2026-celebra-la-cultura-tradiciones-y-la-fiesta-del-cuarteto\/","title":{"rendered":"Tilisarao: el Carnaval 2026 celebra la cultura, tradiciones y la Fiesta del Cuarteto"},"content":{"rendered":"\n<p>VECINOSDELINTERIOR.COM \/ 11 DE FEBRERO<br>La localidad se alista para vivir una de las noches m\u00e1s convocantes del verano con la celebraci\u00f3n del Carnaval 2026, una propuesta que tendr\u00e1 como eje central La Fiesta del Cuarteto.<br>El domingo 15 se vivir\u00e1 en Tilisarao una noche a puro ritmo, baile y alegr\u00eda de Carnaval. El evento comenzar\u00e1 a las 20:00, en las avenidas C\u00f3rdoba y Mitre, frente al Edificio Municipal, con entrada libre y gratuita, reafirmando el esp\u00edritu popular e inclusivo que caracteriza a los carnavales y garantizando el acceso a vecinos y turistas.<\/p>\n\n\n\n<figure class=\"wp-block-gallery has-nested-images columns-default is-cropped wp-block-gallery-1 is-layout-flex wp-block-gallery-is-layout-flex\">\n<figure class=\"wp-block-image size-large\"><img fetchpriority=\"high\" decoding=\"async\" width=\"829\" height=\"1024\" data-id=\"6372\" src=\"https:\/\/vecinosdelinterior.com\/wp-content\/uploads\/2026\/02\/CARNAVAL-TILISARAO-9-1244x1536-1-829x1024.jpg\" alt=\"\" class=\"wp-image-6372\" srcset=\"https:\/\/vecinosdelinterior.com\/wp-content\/uploads\/2026\/02\/CARNAVAL-TILISARAO-9-1244x1536-1-829x1024.jpg 829w, https:\/\/vecinosdelinterior.com\/wp-content\/uploads\/2026\/02\/CARNAVAL-TILISARAO-9-1244x1536-1-243x300.jpg 243w, https:\/\/vecinosdelinterior.com\/wp-content\/uploads\/2026\/02\/CARNAVAL-TILISARAO-9-1244x1536-1-768x948.jpg 768w, https:\/\/vecinosdelinterior.com\/wp-content\/uploads\/2026\/02\/CARNAVAL-TILISARAO-9-1244x1536-1-750x926.jpg 750w, https:\/\/vecinosdelinterior.com\/wp-content\/uploads\/2026\/02\/CARNAVAL-TILISARAO-9-1244x1536-1-1140x1408.jpg 1140w, https:\/\/vecinosdelinterior.com\/wp-content\/uploads\/2026\/02\/CARNAVAL-TILISARAO-9-1244x1536-1.jpg 1244w\" sizes=\"(max-width: 829px) 100vw, 829px\" \/><\/figure>\n\n\n\n<figure class=\"wp-block-image size-large\"><img decoding=\"async\" width=\"1024\" height=\"668\" data-id=\"6373\" src=\"https:\/\/vecinosdelinterior.com\/wp-content\/uploads\/2026\/02\/CARNAVAL-TILISARAO-13-1024x668.jpg\" alt=\"\" class=\"wp-image-6373\" srcset=\"https:\/\/vecinosdelinterior.com\/wp-content\/uploads\/2026\/02\/CARNAVAL-TILISARAO-13-1024x668.jpg 1024w, https:\/\/vecinosdelinterior.com\/wp-content\/uploads\/2026\/02\/CARNAVAL-TILISARAO-13-300x196.jpg 300w, https:\/\/vecinosdelinterior.com\/wp-content\/uploads\/2026\/02\/CARNAVAL-TILISARAO-13-768x501.jpg 768w, https:\/\/vecinosdelinterior.com\/wp-content\/uploads\/2026\/02\/CARNAVAL-TILISARAO-13-1536x1002.jpg 1536w, https:\/\/vecinosdelinterior.com\/wp-content\/uploads\/2026\/02\/CARNAVAL-TILISARAO-13-750x489.jpg 750w, https:\/\/vecinosdelinterior.com\/wp-content\/uploads\/2026\/02\/CARNAVAL-TILISARAO-13-1140x744.jpg 1140w, https:\/\/vecinosdelinterior.com\/wp-content\/uploads\/2026\/02\/CARNAVAL-TILISARAO-13.jpg 2048w\" sizes=\"(max-width: 1024px) 100vw, 1024px\" \/><\/figure>\n<\/figure>\n\n\n\n<p><br>La presentaci\u00f3n estar\u00e1 a cargo de Monada, una de las bandas m\u00e1s convocantes del cuarteto a nivel nacional, cuya presencia anticipa una convocatoria multitudinaria. La grilla art\u00edstica se completa con Ale y Mat\u00edas Ortiz, Los Herederos, Clase 80, La Firma, Encendidos, La China Vega y Banda Imperio, ofreciendo una propuesta variada que recorrer\u00e1 distintos matices del g\u00e9nero y pondr\u00e1 a bailar a todo el p\u00fablico.<br>El color y la tradici\u00f3n carnavalera estar\u00e1n representados por el show de la Comparsa Arabela, mientras que DJ Mauricio Ramos aportar\u00e1 la musicalizaci\u00f3n y Galaxy Dance Studio sumar\u00e1 coreograf\u00edas y puesta en escena, garantizando un espect\u00e1culo integral donde la m\u00fasica y el movimiento ser\u00e1n protagonistas.<br>El Carnaval Tilisarao 2026 representa una fuerte apuesta cultural. El cuarteto, como expresi\u00f3n popular profundamente arraigada en la regi\u00f3n, se convierte en veh\u00edculo de identidad, encuentro y celebraci\u00f3n colectiva. El carnaval es, en esencia, una manifestaci\u00f3n cultural que une generaciones, fortalece el sentido de pertenencia y proyecta las tradiciones hacia el futuro.<br>Con la llegada de visitantes de distintos puntos de la regi\u00f3n se dinamiza la actividad comercial, gastron\u00f3mica y hotelera, posicionando a Tilisarao dentro del circuito de festivales de la provincia de San Luis. Con el acompa\u00f1amiento del Gobierno provincial y el ministerio de Turismo y Cultura, a trav\u00e9s del programa \u201950 Festivales\u2019, esta propuesta refuerza la estrategia de consolidar a las fiestas populares como motor de desarrollo econ\u00f3mico y promoci\u00f3n regional.<br>En el Carnaval 2026 en Tilisarao, la cultura popular, el turismo y la alegr\u00eda se encontrar\u00e1n para hacer vibrar al coraz\u00f3n del Valle del Conlara.<\/p>\n","protected":false},"excerpt":{"rendered":"<p>VECINOSDELINTERIOR.COM \/ 11 DE FEBREROLa localidad se alista para vivir una de las noches m\u00e1s convocantes del verano con la celebraci\u00f3n del Carnaval 2026, una propuesta que tendr\u00e1 como eje central La Fiesta del Cuarteto.El domingo 15 se vivir\u00e1 en Tilisarao una noche a puro ritmo, baile y alegr\u00eda de Carnaval. El evento comenzar\u00e1 a [&hellip;]<\/p>\n","protected":false},"author":1,"featured_media":6373,"comment_status":"open","ping_status":"open","sticky":false,"template":"","format":"standard","meta":{"footnotes":""},"categories":[29,30],"tags":[497],"class_list":["post-6371","post","type-post","status-publish","format-standard","has-post-thumbnail","hentry","category-chacabuco","category-tilisarao","tag-carnavales"],"_links":{"self":[{"href":"https:\/\/vecinosdelinterior.com\/index.php\/wp-json\/wp\/v2\/posts\/6371","targetHints":{"allow":["GET"]}}],"collection":[{"href":"https:\/\/vecinosdelinterior.com\/index.php\/wp-json\/wp\/v2\/posts"}],"about":[{"href":"https:\/\/vecinosdelinterior.com\/index.php\/wp-json\/wp\/v2\/types\/post"}],"author":[{"embeddable":true,"href":"https:\/\/vecinosdelinterior.com\/index.php\/wp-json\/wp\/v2\/users\/1"}],"replies":[{"embeddable":true,"href":"https:\/\/vecinosdelinterior.com\/index.php\/wp-json\/wp\/v2\/comments?post=6371"}],"version-history":[{"count":1,"href":"https:\/\/vecinosdelinterior.com\/index.php\/wp-json\/wp\/v2\/posts\/6371\/revisions"}],"predecessor-version":[{"id":6374,"href":"https:\/\/vecinosdelinterior.com\/index.php\/wp-json\/wp\/v2\/posts\/6371\/revisions\/6374"}],"wp:featuredmedia":[{"embeddable":true,"href":"https:\/\/vecinosdelinterior.com\/index.php\/wp-json\/wp\/v2\/media\/6373"}],"wp:attachment":[{"href":"https:\/\/vecinosdelinterior.com\/index.php\/wp-json\/wp\/v2\/media?parent=6371"}],"wp:term":[{"taxonomy":"category","embeddable":true,"href":"https:\/\/vecinosdelinterior.com\/index.php\/wp-json\/wp\/v2\/categories?post=6371"},{"taxonomy":"post_tag","embeddable":true,"href":"https:\/\/vecinosdelinterior.com\/index.php\/wp-json\/wp\/v2\/tags?post=6371"}],"curies":[{"name":"wp","href":"https:\/\/api.w.org\/{rel}","templated":true}]}}