{"id":6375,"date":"2026-02-11T10:52:00","date_gmt":"2026-02-11T13:52:00","guid":{"rendered":"https:\/\/vecinosdelinterior.com\/?p=6375"},"modified":"2026-02-11T23:54:34","modified_gmt":"2026-02-12T02:54:34","slug":"gran-jineteada-nocturna-en-buena-esperanza-una-verdadera-fiesta-gaucha","status":"publish","type":"post","link":"https:\/\/vecinosdelinterior.com\/index.php\/2026\/02\/11\/gran-jineteada-nocturna-en-buena-esperanza-una-verdadera-fiesta-gaucha\/","title":{"rendered":"Gran Jineteada Nocturna en Buena Esperanza: una verdadera fiesta gaucha"},"content":{"rendered":"\n<p><\/p>\n\n\n\n<p><a href=\"https:\/\/vecinosdelinterior.com\/?fbclid=IwZXh0bgNhZW0CMTAAYnJpZBExQ2hBZjRXUFhvMjlSQ05UMnNydGMGYXBwX2lkEDIyMjAzOTE3ODgyMDA4OTIAAR4-__Q9WzR74h94gyuu1Y1Uo-2l4QH2fnyrhG3oFV9gBqz9vS46a398BhTDDg_aem_kZZ8Y9Kv4Vgy5Evx30rUFA\" rel=\"noreferrer noopener\" target=\"_blank\">VECINOSDELINTERIOR.COM<\/a> \/ 11 DE FEBRERO<\/p>\n\n\n\n<p>Buena Esperanza vivir\u00e1 una nueva noche de jineteada y tradici\u00f3n, el s\u00e1bado 14 de febrero, un evento tradicional que se desarrollar\u00e1 en el Campo de Doma Matunguito Rozandal y que busca fortalecer la identidad cultural y promover el movimiento econ\u00f3mico en la regi\u00f3n. El evento contar\u00e1 con premios que superan los $4 millones, distribuidos entre las distintas categor\u00edas de la jineteada y la prueba de riendas.<\/p>\n\n\n\n<p>Desde la intendencia municipal informaron que \u201cla decisi\u00f3n de repetir la propuesta responde a la amplia convocatoria que tuvo la primera edici\u00f3n y al impacto positivo que genera en la actividad comercial y tur\u00edstica. En ese sentido, destacaron que el evento apunta a \u2018mantener vivas las ra\u00edces\u2019 y a generar oportunidades para restaurantes, hoteles, comercios y emprendedores, quienes contar\u00e1n con stands gratuitos para la exhibici\u00f3n y venta de productos\u201d.<\/p>\n\n\n\n<p>Participar\u00e1n tropillas provenientes de distintas provincias, en una jornada que tambi\u00e9n funciona como antesala de la Fiesta de la Tradici\u00f3n, que se realiza de manera ininterrumpida desde hace 47 ediciones.<\/p>\n\n\n\n<figure class=\"wp-block-gallery has-nested-images columns-default is-cropped wp-block-gallery-1 is-layout-flex wp-block-gallery-is-layout-flex\">\n<figure class=\"wp-block-image size-large\"><img fetchpriority=\"high\" decoding=\"async\" width=\"819\" height=\"1024\" data-id=\"6376\" src=\"https:\/\/vecinosdelinterior.com\/wp-content\/uploads\/2026\/02\/GRAN-JINETEADA-BUENA-ESPERANZA-3-1-819x1024.jpg\" alt=\"\" class=\"wp-image-6376\" srcset=\"https:\/\/vecinosdelinterior.com\/wp-content\/uploads\/2026\/02\/GRAN-JINETEADA-BUENA-ESPERANZA-3-1-819x1024.jpg 819w, https:\/\/vecinosdelinterior.com\/wp-content\/uploads\/2026\/02\/GRAN-JINETEADA-BUENA-ESPERANZA-3-1-240x300.jpg 240w, https:\/\/vecinosdelinterior.com\/wp-content\/uploads\/2026\/02\/GRAN-JINETEADA-BUENA-ESPERANZA-3-1-768x960.jpg 768w, https:\/\/vecinosdelinterior.com\/wp-content\/uploads\/2026\/02\/GRAN-JINETEADA-BUENA-ESPERANZA-3-1-750x938.jpg 750w, https:\/\/vecinosdelinterior.com\/wp-content\/uploads\/2026\/02\/GRAN-JINETEADA-BUENA-ESPERANZA-3-1.jpg 1080w\" sizes=\"(max-width: 819px) 100vw, 819px\" \/><\/figure>\n\n\n\n<figure class=\"wp-block-image size-large\"><img decoding=\"async\" width=\"819\" height=\"1024\" data-id=\"6377\" src=\"https:\/\/vecinosdelinterior.com\/wp-content\/uploads\/2026\/02\/GRAN-JINETEADA-BUENA-ESPERANZA-2-819x1024.jpg\" alt=\"\" class=\"wp-image-6377\" srcset=\"https:\/\/vecinosdelinterior.com\/wp-content\/uploads\/2026\/02\/GRAN-JINETEADA-BUENA-ESPERANZA-2-819x1024.jpg 819w, https:\/\/vecinosdelinterior.com\/wp-content\/uploads\/2026\/02\/GRAN-JINETEADA-BUENA-ESPERANZA-2-240x300.jpg 240w, https:\/\/vecinosdelinterior.com\/wp-content\/uploads\/2026\/02\/GRAN-JINETEADA-BUENA-ESPERANZA-2-768x960.jpg 768w, https:\/\/vecinosdelinterior.com\/wp-content\/uploads\/2026\/02\/GRAN-JINETEADA-BUENA-ESPERANZA-2-750x938.jpg 750w, https:\/\/vecinosdelinterior.com\/wp-content\/uploads\/2026\/02\/GRAN-JINETEADA-BUENA-ESPERANZA-2.jpg 1080w\" sizes=\"(max-width: 819px) 100vw, 819px\" \/><\/figure>\n\n\n\n<figure class=\"wp-block-image size-large\"><img decoding=\"async\" width=\"819\" height=\"1024\" data-id=\"6378\" src=\"https:\/\/vecinosdelinterior.com\/wp-content\/uploads\/2026\/02\/GRAN-JINETEADA-BUENA-ESPERANZA-1-819x1024.jpg\" alt=\"\" class=\"wp-image-6378\" srcset=\"https:\/\/vecinosdelinterior.com\/wp-content\/uploads\/2026\/02\/GRAN-JINETEADA-BUENA-ESPERANZA-1-819x1024.jpg 819w, https:\/\/vecinosdelinterior.com\/wp-content\/uploads\/2026\/02\/GRAN-JINETEADA-BUENA-ESPERANZA-1-240x300.jpg 240w, https:\/\/vecinosdelinterior.com\/wp-content\/uploads\/2026\/02\/GRAN-JINETEADA-BUENA-ESPERANZA-1-768x960.jpg 768w, https:\/\/vecinosdelinterior.com\/wp-content\/uploads\/2026\/02\/GRAN-JINETEADA-BUENA-ESPERANZA-1-750x938.jpg 750w, https:\/\/vecinosdelinterior.com\/wp-content\/uploads\/2026\/02\/GRAN-JINETEADA-BUENA-ESPERANZA-1.jpg 1080w\" sizes=\"(max-width: 819px) 100vw, 819px\" \/><\/figure>\n<\/figure>\n\n\n\n<p><\/p>\n\n\n\n<p>Cronograma de actividades<\/p>\n\n\n\n<p>Las actividades comenzar\u00e1n a las 10:00 con la apertura de tranqueras. A las 17:00 se desarrollar\u00e1 la prueba de riendas, con categor\u00edas Ni\u00f1o ($10.000), Dama ($15.000) y General ($20.000), y un premio de $200.000 a la raya en la categor\u00eda general, con el 80% de lo recaudado destinado a premios.<\/p>\n\n\n\n<p>A las 20:00 est\u00e1 prevista la apertura formal e izamiento de la bandera, mientras que a las 20:30 dar\u00e1 inicio el encuentro de jineteada. En la categor\u00eda gurupa, los premios ser\u00e1n de $500.000 para el primer puesto y $400.000 para el segundo; en bastos, se entregar\u00e1n $800.000, $700.000 y $600.000 para el primero, segundo y tercer lugar, respectivamente.<\/p>\n\n\n\n<p>La programaci\u00f3n continuar\u00e1 a las 22:00 con la presentaci\u00f3n de tropillas entabladas por invitaci\u00f3n y culminar\u00e1 a la medianoche con un gran baile nocturno.<\/p>\n\n\n\n<p>La entrada general tiene un valor de $15.000.<\/p>\n","protected":false},"excerpt":{"rendered":"<p>VECINOSDELINTERIOR.COM \/ 11 DE FEBRERO Buena Esperanza vivir\u00e1 una nueva noche de jineteada y tradici\u00f3n, el s\u00e1bado 14 de febrero, un evento tradicional que se desarrollar\u00e1 en el Campo de Doma Matunguito Rozandal y que busca fortalecer la identidad cultural y promover el movimiento econ\u00f3mico en la regi\u00f3n. El evento contar\u00e1 con premios que superan [&hellip;]<\/p>\n","protected":false},"author":1,"featured_media":6376,"comment_status":"open","ping_status":"open","sticky":false,"template":"","format":"standard","meta":{"footnotes":""},"categories":[18,16],"tags":[333,177],"class_list":["post-6375","post","type-post","status-publish","format-standard","has-post-thumbnail","hentry","category-buena-esperanza-dupuy","category-dupuy","tag-festivales","tag-gestiones-destacadas"],"_links":{"self":[{"href":"https:\/\/vecinosdelinterior.com\/index.php\/wp-json\/wp\/v2\/posts\/6375","targetHints":{"allow":["GET"]}}],"collection":[{"href":"https:\/\/vecinosdelinterior.com\/index.php\/wp-json\/wp\/v2\/posts"}],"about":[{"href":"https:\/\/vecinosdelinterior.com\/index.php\/wp-json\/wp\/v2\/types\/post"}],"author":[{"embeddable":true,"href":"https:\/\/vecinosdelinterior.com\/index.php\/wp-json\/wp\/v2\/users\/1"}],"replies":[{"embeddable":true,"href":"https:\/\/vecinosdelinterior.com\/index.php\/wp-json\/wp\/v2\/comments?post=6375"}],"version-history":[{"count":1,"href":"https:\/\/vecinosdelinterior.com\/index.php\/wp-json\/wp\/v2\/posts\/6375\/revisions"}],"predecessor-version":[{"id":6379,"href":"https:\/\/vecinosdelinterior.com\/index.php\/wp-json\/wp\/v2\/posts\/6375\/revisions\/6379"}],"wp:featuredmedia":[{"embeddable":true,"href":"https:\/\/vecinosdelinterior.com\/index.php\/wp-json\/wp\/v2\/media\/6376"}],"wp:attachment":[{"href":"https:\/\/vecinosdelinterior.com\/index.php\/wp-json\/wp\/v2\/media?parent=6375"}],"wp:term":[{"taxonomy":"category","embeddable":true,"href":"https:\/\/vecinosdelinterior.com\/index.php\/wp-json\/wp\/v2\/categories?post=6375"},{"taxonomy":"post_tag","embeddable":true,"href":"https:\/\/vecinosdelinterior.com\/index.php\/wp-json\/wp\/v2\/tags?post=6375"}],"curies":[{"name":"wp","href":"https:\/\/api.w.org\/{rel}","templated":true}]}}