{"id":6392,"date":"2026-02-12T20:13:53","date_gmt":"2026-02-12T23:13:53","guid":{"rendered":"https:\/\/vecinosdelinterior.com\/?p=6392"},"modified":"2026-02-12T20:13:54","modified_gmt":"2026-02-12T23:13:54","slug":"imputaron-a-un-conductor-por-la-muerte-de-un-motociclista-en-villa-larca","status":"publish","type":"post","link":"https:\/\/vecinosdelinterior.com\/index.php\/2026\/02\/12\/imputaron-a-un-conductor-por-la-muerte-de-un-motociclista-en-villa-larca\/","title":{"rendered":"Imputaron a un conductor por la muerte de un motociclista en Villa Larca"},"content":{"rendered":"\n<p>VECINOSDELINTERIOR.COM \/ 12 DE FEBRERO<br>Este mi\u00e9rcoles se realiz\u00f3 la audiencia de formulaci\u00f3n de cargos contra Daniel Emilio Bonfanti, quien fue imputado como autor del delito de homicidio culposo en accidente de tr\u00e1nsito por un hecho ocurrido en Villa Larca, donde perdi\u00f3 la vida el subcomisario Diego Gonz\u00e1lez.<br>La audiencia se llev\u00f3 a cabo el mi\u00e9rcoles y estuvo a cargo de Nicol\u00e1s Dami\u00e1n Coppola, Juez de Garant\u00eda N\u00ba 1 de la Tercera Circunscripci\u00f3n Judicial. El magistrado dispuso que el imputado deber\u00e1 comparecer una vez al mes ante la Fiscal\u00eda de Concar\u00e1n para firmar el libro de imputados y le prohibi\u00f3 salir del pa\u00eds por el t\u00e9rmino de 60 d\u00edas.<br>De acuerdo al relato del Ministerio P\u00fablico Fiscal, el hecho investigado ocurri\u00f3 el 13 de octubre de 2023, alrededor de las 9:20, sobre la ruta provincial N\u00b0 1, a la altura del kil\u00f3metro 30, en jurisdicci\u00f3n de Villa Larca, departamento Chacabuco, provincia de San Luis.<br>Seg\u00fan la acusaci\u00f3n, Bonfanti conduc\u00eda una camioneta Toyota en sentido sur-norte cuando, en una zona de curva, habr\u00eda invadido el carril contrario de circulaci\u00f3n. En sentido opuesto circulaba correctamente por su carril el subcomisario Gonz\u00e1lez, a bordo de su motocicleta. Como consecuencia de la maniobra, se produjo una colisi\u00f3n frontal en el carril por el que transitaba el motociclista.<br>El impacto fue de tal magnitud que la motocicleta fue despedida e incendiada, mientras que su conductor fue lanzado hacia la banquina oeste y falleci\u00f3 pr\u00e1cticamente en el acto.<br>Durante la audiencia, la querella sostuvo que el imputado circulaba a exceso de velocidad y no respet\u00f3 las l\u00edneas amarillas, por lo que solicit\u00f3 que se lo impute bajo la figura de dolo eventual. Por su parte, Bonfanti se abstuvo de declarar y su defensa se opuso a la calificaci\u00f3n propuesta por la querella.<br>Tras escuchar a las partes y en atenci\u00f3n al car\u00e1cter provisorio de esta etapa del proceso, el juez resolvi\u00f3 tener por formulados los cargos en los t\u00e9rminos solicitados por la Fiscal\u00eda y fij\u00f3 las medidas de coerci\u00f3n correspondientes por el plazo de 60 d\u00edas.<\/p>\n","protected":false},"excerpt":{"rendered":"<p>VECINOSDELINTERIOR.COM \/ 12 DE FEBREROEste mi\u00e9rcoles se realiz\u00f3 la audiencia de formulaci\u00f3n de cargos contra Daniel Emilio Bonfanti, quien fue imputado como autor del delito de homicidio culposo en accidente de tr\u00e1nsito por un hecho ocurrido en Villa Larca, donde perdi\u00f3 la vida el subcomisario Diego Gonz\u00e1lez.La audiencia se llev\u00f3 a cabo el mi\u00e9rcoles y [&hellip;]<\/p>\n","protected":false},"author":1,"featured_media":6393,"comment_status":"open","ping_status":"open","sticky":false,"template":"","format":"standard","meta":{"footnotes":""},"categories":[29,89],"tags":[213],"class_list":["post-6392","post","type-post","status-publish","format-standard","has-post-thumbnail","hentry","category-chacabuco","category-villa-larca","tag-policial"],"_links":{"self":[{"href":"https:\/\/vecinosdelinterior.com\/index.php\/wp-json\/wp\/v2\/posts\/6392","targetHints":{"allow":["GET"]}}],"collection":[{"href":"https:\/\/vecinosdelinterior.com\/index.php\/wp-json\/wp\/v2\/posts"}],"about":[{"href":"https:\/\/vecinosdelinterior.com\/index.php\/wp-json\/wp\/v2\/types\/post"}],"author":[{"embeddable":true,"href":"https:\/\/vecinosdelinterior.com\/index.php\/wp-json\/wp\/v2\/users\/1"}],"replies":[{"embeddable":true,"href":"https:\/\/vecinosdelinterior.com\/index.php\/wp-json\/wp\/v2\/comments?post=6392"}],"version-history":[{"count":1,"href":"https:\/\/vecinosdelinterior.com\/index.php\/wp-json\/wp\/v2\/posts\/6392\/revisions"}],"predecessor-version":[{"id":6394,"href":"https:\/\/vecinosdelinterior.com\/index.php\/wp-json\/wp\/v2\/posts\/6392\/revisions\/6394"}],"wp:featuredmedia":[{"embeddable":true,"href":"https:\/\/vecinosdelinterior.com\/index.php\/wp-json\/wp\/v2\/media\/6393"}],"wp:attachment":[{"href":"https:\/\/vecinosdelinterior.com\/index.php\/wp-json\/wp\/v2\/media?parent=6392"}],"wp:term":[{"taxonomy":"category","embeddable":true,"href":"https:\/\/vecinosdelinterior.com\/index.php\/wp-json\/wp\/v2\/categories?post=6392"},{"taxonomy":"post_tag","embeddable":true,"href":"https:\/\/vecinosdelinterior.com\/index.php\/wp-json\/wp\/v2\/tags?post=6392"}],"curies":[{"name":"wp","href":"https:\/\/api.w.org\/{rel}","templated":true}]}}