{"id":6395,"date":"2026-02-12T20:16:24","date_gmt":"2026-02-12T23:16:24","guid":{"rendered":"https:\/\/vecinosdelinterior.com\/?p=6395"},"modified":"2026-02-12T20:16:25","modified_gmt":"2026-02-12T23:16:25","slug":"una-mujer-resulto-herida-tras-el-vuelco-de-un-automovil-en-la-ruta-nacional-20-2","status":"publish","type":"post","link":"https:\/\/vecinosdelinterior.com\/index.php\/2026\/02\/12\/una-mujer-resulto-herida-tras-el-vuelco-de-un-automovil-en-la-ruta-nacional-20-2\/","title":{"rendered":"Una mujer result\u00f3 herida tras el vuelco de un autom\u00f3vil en la ruta nacional 20"},"content":{"rendered":"\n<p>Vecinos del Interior Puntano<br>Desde la Direcci\u00f3n General de Polic\u00eda Caminera y Seguridad Vial y la Subcomisar\u00eda 5\u00b0 de La Calera informaron que este jueves 12 de febrero por la tarde, alrededor a las 14:30, se produjo un accidente de tr\u00e1nsito a la altura del kil\u00f3metro 386 de la ruta nacional 20, a unos 800 metros del empalme con la ruta nacional 147 (paraje La Cha\u00f1arienta).<br>De acuerdo a las averiguaciones policiales, un hombre de 75 a\u00f1os de edad conduc\u00eda de este a oeste un autom\u00f3vil Toyota Etios por ruta nacional 20 en compa\u00f1\u00eda de su esposa de 71 a\u00f1os de edad (ambos con domicilio en la provincia de Buenos Aires), y en ese sector -por razones que se tratan de establecer- perdi\u00f3 el control del veh\u00edculo, el cual dio varios tumbos y qued\u00f3 volcado con las ruedas hacia arriba sobre la banquina.<br>Tras el siniestro vial, ambos ocupantes del autom\u00f3vil fueron asistidos en el lugar por personal de salud de La Calera. Posteriormente, la mujer de 71 a\u00f1os fue trasladada en ambulancia hacia el Hospital Central \u201cDr. Ram\u00f3n Carrillo\u201d para recibir atenci\u00f3n m\u00e9dica m\u00e1s compleja.<br>Se realizaron las actuaciones correspondientes y se dio intervenci\u00f3n a las autoridades competentes para establecer las circunstancias del hecho.<\/p>\n\n\n\n<figure class=\"wp-block-gallery has-nested-images columns-default is-cropped wp-block-gallery-1 is-layout-flex wp-block-gallery-is-layout-flex\">\n<figure class=\"wp-block-image size-large\"><img fetchpriority=\"high\" decoding=\"async\" width=\"731\" height=\"357\" data-id=\"6396\" src=\"https:\/\/vecinosdelinterior.com\/wp-content\/uploads\/2026\/02\/12-2-2026-20-15-33.png\" alt=\"\" class=\"wp-image-6396\" srcset=\"https:\/\/vecinosdelinterior.com\/wp-content\/uploads\/2026\/02\/12-2-2026-20-15-33.png 731w, https:\/\/vecinosdelinterior.com\/wp-content\/uploads\/2026\/02\/12-2-2026-20-15-33-300x147.png 300w\" sizes=\"(max-width: 731px) 100vw, 731px\" \/><\/figure>\n<\/figure>\n","protected":false},"excerpt":{"rendered":"<p>Vecinos del Interior PuntanoDesde la Direcci\u00f3n General de Polic\u00eda Caminera y Seguridad Vial y la Subcomisar\u00eda 5\u00b0 de La Calera informaron que este jueves 12 de febrero por la tarde, alrededor a las 14:30, se produjo un accidente de tr\u00e1nsito a la altura del kil\u00f3metro 386 de la ruta nacional 20, a unos 800 metros [&hellip;]<\/p>\n","protected":false},"author":1,"featured_media":6396,"comment_status":"open","ping_status":"open","sticky":false,"template":"","format":"standard","meta":{"footnotes":""},"categories":[92,294],"tags":[],"class_list":["post-6395","post","type-post","status-publish","format-standard","has-post-thumbnail","hentry","category-belgrano","category-la-calera"],"_links":{"self":[{"href":"https:\/\/vecinosdelinterior.com\/index.php\/wp-json\/wp\/v2\/posts\/6395","targetHints":{"allow":["GET"]}}],"collection":[{"href":"https:\/\/vecinosdelinterior.com\/index.php\/wp-json\/wp\/v2\/posts"}],"about":[{"href":"https:\/\/vecinosdelinterior.com\/index.php\/wp-json\/wp\/v2\/types\/post"}],"author":[{"embeddable":true,"href":"https:\/\/vecinosdelinterior.com\/index.php\/wp-json\/wp\/v2\/users\/1"}],"replies":[{"embeddable":true,"href":"https:\/\/vecinosdelinterior.com\/index.php\/wp-json\/wp\/v2\/comments?post=6395"}],"version-history":[{"count":1,"href":"https:\/\/vecinosdelinterior.com\/index.php\/wp-json\/wp\/v2\/posts\/6395\/revisions"}],"predecessor-version":[{"id":6397,"href":"https:\/\/vecinosdelinterior.com\/index.php\/wp-json\/wp\/v2\/posts\/6395\/revisions\/6397"}],"wp:featuredmedia":[{"embeddable":true,"href":"https:\/\/vecinosdelinterior.com\/index.php\/wp-json\/wp\/v2\/media\/6396"}],"wp:attachment":[{"href":"https:\/\/vecinosdelinterior.com\/index.php\/wp-json\/wp\/v2\/media?parent=6395"}],"wp:term":[{"taxonomy":"category","embeddable":true,"href":"https:\/\/vecinosdelinterior.com\/index.php\/wp-json\/wp\/v2\/categories?post=6395"},{"taxonomy":"post_tag","embeddable":true,"href":"https:\/\/vecinosdelinterior.com\/index.php\/wp-json\/wp\/v2\/tags?post=6395"}],"curies":[{"name":"wp","href":"https:\/\/api.w.org\/{rel}","templated":true}]}}