{"id":6405,"date":"2026-02-14T07:53:00","date_gmt":"2026-02-14T10:53:00","guid":{"rendered":"https:\/\/vecinosdelinterior.com\/?p=6405"},"modified":"2026-02-15T22:56:24","modified_gmt":"2026-02-16T01:56:24","slug":"todos-los-festivales-y-carnavales-de-este-fin-de-semana-en-la-provincia","status":"publish","type":"post","link":"https:\/\/vecinosdelinterior.com\/index.php\/2026\/02\/14\/todos-los-festivales-y-carnavales-de-este-fin-de-semana-en-la-provincia\/","title":{"rendered":"Todos los festivales y carnavales de este fin de semana en la provincia"},"content":{"rendered":"\n<p>VECINOSDELINTERIOR.COM \/ 14 DE FEBRERO<br>San Ger\u00f3nimo, Los Manantiales, Villa Mercedes, Candelaria, Papagayos, Alto Pencoso, Tilisarao, Santa Rosa del Conlara, Las Chacras, La Punilla, San Jos\u00e9 del Morro, Carpinter\u00eda, Nogol\u00ed, Saladillo y Los Molles conmemorar\u00e1n sus ra\u00edces sanluise\u00f1as con festivales y carnavales para el disfrute de familias y visitantes.<br>Este viernes 13 y s\u00e1bado 14, Candelaria desarrollar\u00e1 dos veladas del 12\u00b0 Festival Nacional del Mel\u00f3n, la Agricultura y la Producci\u00f3n. El costo de la entrada es de $10.000 y se permitir\u00e1 el ingreso de equipos de mate y reposeras, pero no de conservadoras.<\/p>\n\n\n\n<p><br>El viernes, subir\u00e1n al escenario Senti2, Los Alma, Los Legales, L\u00e1zaro Caballero y Tru-la-l\u00e1. Por otro lado, en la noche del s\u00e1bado, se coronar\u00e1 a la reina y se presentar\u00e1n La China Romero, Dale Q\u2019 Va y el cierre estar\u00e1 a cargo de DJ Alan.<\/p>\n\n\n\n<p><br>La 23\u00b0 del Festival Provincial del Algarrobo Puntano ser\u00e1 este s\u00e1bado 14 de febrero en Los Manantiales, en coincidencia con el D\u00eda de los Enamorados. La entrada tiene un costo de $10.000, en tanto que los menores de 12 a\u00f1os no abonan.<\/p>\n\n\n\n<p><br>El festival comenzar\u00e1 a las 21:00 en la calle m\u00e1s importante de localidad, frente de la plaza, en el coraz\u00f3n del pueblo. Habr\u00e1 colectivos que saldr\u00e1n desde la avenida Justo Daract, al frente de la plazoleta de 9 julio, en la ciudad de San Luis. El pasaje ida y vuelta ser\u00e1 de $5.000.<br>La grilla art\u00edstica est\u00e1 compuesta por los Cantores del Alba, Los Waqay del Valle, Luis Soloa, Fer y Facu, Los Sanfra y Los Tropicales del Norte. El cierre de la festividad estar\u00e1 a cargo de Los Hermanitos Albelo.<\/p>\n\n\n\n<p><br>Por \u00faltimo, desde la organizaci\u00f3n, comentaron que habr\u00e1 puestos de emprendedores, artesanos y gastron\u00f3micos de la localidad. \u201cSiempre le hemos dado un lugar, primero a nuestros vecinos y despu\u00e9s a las personas de localidades vecinas\u201d, coment\u00f3 la intendenta de Los Manantiales, Carolina Salinas.<\/p>\n\n\n\n<p><br>El Parque La Pedrera se prepara para vivir una noche llena de comparsas y mucho color con el Carnaval 2026. Este s\u00e1bado 14, desde las 21:30, en el Aut\u00f3dromo Jos\u00e9 Carlos Bassi, vecinos y turistas de distintos puntos de la regi\u00f3n podr\u00e1n vivir una propuesta cultural que reafirma la identidad festiva de Villa Mercedes.<br>La propuesta recreativa contar\u00e1 con 13 comparsas y 2 murgas, adem\u00e1s de stands de emprendedores y puestos gastron\u00f3micos. El cierre musical estar\u00e1 a cargo de Yuthiel, garantizando un final festivo a puro baile, con entrada libre y gratuita.<\/p>\n\n\n\n<p><br>San Ger\u00f3nimo se prepara para el 22\u00b0 Festival de las Aguas Termales, que tendr\u00e1 lugar este domingo 15 de febrero a partir de las 21:00 en el predio del club deportivo de la localidad, lindero al camping municipal.<\/p>\n\n\n\n<figure class=\"wp-block-gallery has-nested-images columns-default is-cropped wp-block-gallery-1 is-layout-flex wp-block-gallery-is-layout-flex\">\n<figure class=\"wp-block-image size-large\"><img fetchpriority=\"high\" decoding=\"async\" width=\"737\" height=\"1024\" data-id=\"6407\" src=\"https:\/\/vecinosdelinterior.com\/wp-content\/uploads\/2026\/02\/617569369_1485477736916744_4818318140544014033_n-1-737x1024.jpg\" alt=\"\" class=\"wp-image-6407\" srcset=\"https:\/\/vecinosdelinterior.com\/wp-content\/uploads\/2026\/02\/617569369_1485477736916744_4818318140544014033_n-1-737x1024.jpg 737w, https:\/\/vecinosdelinterior.com\/wp-content\/uploads\/2026\/02\/617569369_1485477736916744_4818318140544014033_n-1-216x300.jpg 216w, https:\/\/vecinosdelinterior.com\/wp-content\/uploads\/2026\/02\/617569369_1485477736916744_4818318140544014033_n-1-768x1067.jpg 768w, https:\/\/vecinosdelinterior.com\/wp-content\/uploads\/2026\/02\/617569369_1485477736916744_4818318140544014033_n-1-750x1042.jpg 750w, https:\/\/vecinosdelinterior.com\/wp-content\/uploads\/2026\/02\/617569369_1485477736916744_4818318140544014033_n-1.jpg 1080w\" sizes=\"(max-width: 737px) 100vw, 737px\" \/><\/figure>\n\n\n\n<figure class=\"wp-block-image size-large\"><img decoding=\"async\" width=\"576\" height=\"1024\" data-id=\"6408\" src=\"https:\/\/vecinosdelinterior.com\/wp-content\/uploads\/2026\/02\/628321429_870311595781205_3569743116580775906_n-576x1024.jpg\" alt=\"\" class=\"wp-image-6408\" srcset=\"https:\/\/vecinosdelinterior.com\/wp-content\/uploads\/2026\/02\/628321429_870311595781205_3569743116580775906_n-576x1024.jpg 576w, https:\/\/vecinosdelinterior.com\/wp-content\/uploads\/2026\/02\/628321429_870311595781205_3569743116580775906_n-169x300.jpg 169w, https:\/\/vecinosdelinterior.com\/wp-content\/uploads\/2026\/02\/628321429_870311595781205_3569743116580775906_n.jpg 720w\" sizes=\"(max-width: 576px) 100vw, 576px\" \/><\/figure>\n\n\n\n<figure class=\"wp-block-image size-large\"><img decoding=\"async\" width=\"900\" height=\"600\" data-id=\"6406\" src=\"https:\/\/vecinosdelinterior.com\/wp-content\/uploads\/2026\/02\/Carnaval-de-Los-Molles-1-1.jpg\" alt=\"\" class=\"wp-image-6406\" srcset=\"https:\/\/vecinosdelinterior.com\/wp-content\/uploads\/2026\/02\/Carnaval-de-Los-Molles-1-1.jpg 900w, https:\/\/vecinosdelinterior.com\/wp-content\/uploads\/2026\/02\/Carnaval-de-Los-Molles-1-1-300x200.jpg 300w, https:\/\/vecinosdelinterior.com\/wp-content\/uploads\/2026\/02\/Carnaval-de-Los-Molles-1-1-768x512.jpg 768w, https:\/\/vecinosdelinterior.com\/wp-content\/uploads\/2026\/02\/Carnaval-de-Los-Molles-1-1-750x500.jpg 750w\" sizes=\"(max-width: 900px) 100vw, 900px\" \/><\/figure>\n\n\n\n<figure class=\"wp-block-image size-large\"><img loading=\"lazy\" decoding=\"async\" width=\"731\" height=\"1024\" data-id=\"6409\" src=\"https:\/\/vecinosdelinterior.com\/wp-content\/uploads\/2026\/02\/CARNAVAL-SANTA-ROSA-3-731x1024.jpg\" alt=\"\" class=\"wp-image-6409\" srcset=\"https:\/\/vecinosdelinterior.com\/wp-content\/uploads\/2026\/02\/CARNAVAL-SANTA-ROSA-3-731x1024.jpg 731w, https:\/\/vecinosdelinterior.com\/wp-content\/uploads\/2026\/02\/CARNAVAL-SANTA-ROSA-3-214x300.jpg 214w, https:\/\/vecinosdelinterior.com\/wp-content\/uploads\/2026\/02\/CARNAVAL-SANTA-ROSA-3-768x1076.jpg 768w, https:\/\/vecinosdelinterior.com\/wp-content\/uploads\/2026\/02\/CARNAVAL-SANTA-ROSA-3-360x504.jpg 360w, https:\/\/vecinosdelinterior.com\/wp-content\/uploads\/2026\/02\/CARNAVAL-SANTA-ROSA-3-750x1050.jpg 750w, https:\/\/vecinosdelinterior.com\/wp-content\/uploads\/2026\/02\/CARNAVAL-SANTA-ROSA-3.jpg 904w\" sizes=\"(max-width: 731px) 100vw, 731px\" \/><\/figure>\n\n\n\n<figure class=\"wp-block-image size-large\"><img loading=\"lazy\" decoding=\"async\" width=\"829\" height=\"1024\" data-id=\"6410\" src=\"https:\/\/vecinosdelinterior.com\/wp-content\/uploads\/2026\/02\/CARNAVAL-TILISARAO-9-829x1024.jpg\" alt=\"\" class=\"wp-image-6410\" srcset=\"https:\/\/vecinosdelinterior.com\/wp-content\/uploads\/2026\/02\/CARNAVAL-TILISARAO-9-829x1024.jpg 829w, https:\/\/vecinosdelinterior.com\/wp-content\/uploads\/2026\/02\/CARNAVAL-TILISARAO-9-243x300.jpg 243w, https:\/\/vecinosdelinterior.com\/wp-content\/uploads\/2026\/02\/CARNAVAL-TILISARAO-9-768x948.jpg 768w, https:\/\/vecinosdelinterior.com\/wp-content\/uploads\/2026\/02\/CARNAVAL-TILISARAO-9-1244x1536.jpg 1244w, https:\/\/vecinosdelinterior.com\/wp-content\/uploads\/2026\/02\/CARNAVAL-TILISARAO-9-750x926.jpg 750w, https:\/\/vecinosdelinterior.com\/wp-content\/uploads\/2026\/02\/CARNAVAL-TILISARAO-9-1140x1408.jpg 1140w, https:\/\/vecinosdelinterior.com\/wp-content\/uploads\/2026\/02\/CARNAVAL-TILISARAO-9.jpg 1440w\" sizes=\"(max-width: 829px) 100vw, 829px\" \/><\/figure>\n<\/figure>\n\n\n\n<p><br>La entrada general tendr\u00e1 un valor de 10 mil pesos y se cobrar\u00e1 a partir de los 12 a\u00f1os. En cuanto a la organizaci\u00f3n, explic\u00f3 que habr\u00e1 dos ingresos habilitados al predio, uno por Ruta 15 y otro por la ex Ruta 147, ambos debidamente se\u00f1alizados y con el acompa\u00f1amiento de la Polic\u00eda para el ordenamiento del tr\u00e1nsito.<br>Entre los artistas confirmados se encuentran Folkloreando Entre Hermanos, Los Fronterizos, Algarroba.com, La Colo Mart\u00edn con la 441, Los Caldenes, Las Malparidas y el cierre a cargo de Los Hermanitos Albelo.<\/p>\n\n\n\n<p><br>Este s\u00e1bado, las familias de Alto Pencoso se preparan para recibir el 30\u00b0 Festival del Yeso y la Arena, desde las 18:00 en el predio municipal. El domingo a las 21:00, el festival se trasladar\u00e1 a la plaza San Mart\u00edn. Las entradas tendr\u00e1n un costo de $6.000 y $10.000.<br>La grilla de artistas que se presentar\u00e1n durante el s\u00e1bado estar\u00e1 liderada por Renzo Albelo y sus Muchachos. Mientras que el domingo, los encargados de la noche ser\u00e1n el Ballet \u2018Tierra Gaucha\u2019, El Trebol Mercedino, Alma de Guitarra, Los Hermanos Lucero, el ballet \u2018Movimientos del alma\u2019, Germ\u00e1n Olivares, Los Hermanos P\u00e9rez, Chamameceros y Luis Soloa.<\/p>\n\n\n\n<p><br>Desde la Municipalidad informaron que habr\u00e1 una gran feria de emprendedores locales y que los interesados en participar de la festividad podr\u00e1n llevar reposeras.<br>Este s\u00e1bado, en el sal\u00f3n municipal de Las Chacras, los vecinos se preparan para recibir la 32\u00b0 edici\u00f3n del Festival Las Chacras Canta en Febrero. Las entradas tienen un valor de $8.000 y menores de 10 a\u00f1os no abonan. Desde la municipalidad, a trav\u00e9s de sus redes sociales, comunicaron que estar\u00e1 prohibido el ingreso de conservadoras.<\/p>\n\n\n\n<p><br>El evento contar\u00e1 con un patio de comidas bajo techo, con capacidad para 400 personas sentadas, donde se ofrecer\u00e1n chivos asados, carne a la masa, empanadas, quesos y quesillos elaborados por productores locales.<\/p>\n\n\n\n<p><br>La grilla art\u00edstica estar\u00e1 compuesta referentes del folclore y la m\u00fasica popular. Entre ellos, Las Voces de Gerardo L\u00f3pez, desde Salta; Santi y Rodr\u00edguez \u2018Los Cuyos\u2019 (\u2018Por siempre Los Trobadores\u2019), d\u00fao con m\u00e1s de 52 a\u00f1os de trayectoria; y Juan Carlos Mansilla, fundador del conjunto Ivoti, con chamam\u00e9 tradicional.<br>Tambi\u00e9n se presentar\u00e1n artistas provinciales y regionales como Los Juglares (Villa Mercedes), Los Ramaseros (La Toma), Clandestino Chamam\u00e9 y el grupo de malambo Estaci\u00f3n Quines. La apertura estar\u00e1 a cargo del ballet Compa\u00f1\u00eda Folkl\u00f3rica Danzante, con la presencia de la Virgen Patrona Nuestra Se\u00f1ora del Rosario. El cierre ser\u00e1 bailable, con la actuaci\u00f3n del grupo K\u00e1bala.<\/p>\n\n\n\n<p><br>La Punilla, este s\u00e1bado 14 de febrero, celebrar\u00e1 el Festival de Doma y Folclore. A partir de las 15.00, se llevar\u00e1 a cabo un juego de riendas con 50 montas. A las 20:00, se realizar\u00e1 la gran jineteada con crines, bastos y al ruedo. La entrada tiene un valor de $20 mil.<\/p>\n\n\n\n<p><br>Subir\u00e1n al escenario Los del Canto Amigo y Mario Casota. El cierre bailable estar\u00e1 a cargo de Herencia Chamamecera y Diego Sebasti\u00e1n. Hay $300 mil en premios.<br>Saladillo se prepara para realizar la 42\u00b0 edici\u00f3n del Festival Provincial de la Guitarra, que ser\u00e1 el s\u00e1bado 14 en el Parque Las Am\u00e9ricas. El precio de la entrada ser\u00e1 de $10.000 e incluir\u00e1 un estacionamiento gratuito.<\/p>\n\n\n\n<p><br>El espect\u00e1culo art\u00edstico comenzar\u00e1 a las 22:00 con Fabricio Bustos, a quien le seguir\u00e1 el Ni\u00f1o de la Guitarra y el Canto, m\u00fasico que recientemente grab\u00f3 el videoclip de una de sus canciones. Luego, subir\u00e1 a escena el ballet Malvinas Argentinas \u2018Saladillo\u2019, que brindar\u00e1 un espect\u00e1culo para representar al pueblo. A su vez, actuar\u00e1n los ballets Marcando Huellas y Nuevo Amanecer, como tambi\u00e9n Los Hermanos Lucero, Tradici\u00f3n Chamamecera, Floclore X4, Clase 80 y Las Malparidas (C\u00f3rdoba).<br>El evento dispondr\u00e1 de un patio gastron\u00f3mico con asientos para 500 personas. No se permite el ingreso de conservadoras, pero s\u00ed se pueden llevar reposeras y equipos de mate.<\/p>\n\n\n\n<p><br>Este s\u00e1bado 14, se realizar\u00e1 la celebraci\u00f3n que combinar\u00e1 m\u00fasica, baile y alegr\u00eda en la localidad ubicada en el coraz\u00f3n de las Sierras de los Comechingones. La actividad ser\u00e1 a partir de las 21:00, en la plaza San Mart\u00edn de Los Molles, con entrada libre y gratuita.<\/p>\n\n\n\n<figure class=\"wp-block-gallery has-nested-images columns-default is-cropped wp-block-gallery-2 is-layout-flex wp-block-gallery-is-layout-flex\">\n<figure class=\"wp-block-image size-large\"><img loading=\"lazy\" decoding=\"async\" width=\"724\" height=\"1024\" data-id=\"6411\" src=\"https:\/\/vecinosdelinterior.com\/wp-content\/uploads\/2026\/02\/CARNAVAL-VILLA-MERCEDES-1-724x1024.jpeg\" alt=\"\" class=\"wp-image-6411\" srcset=\"https:\/\/vecinosdelinterior.com\/wp-content\/uploads\/2026\/02\/CARNAVAL-VILLA-MERCEDES-1-724x1024.jpeg 724w, https:\/\/vecinosdelinterior.com\/wp-content\/uploads\/2026\/02\/CARNAVAL-VILLA-MERCEDES-1-212x300.jpeg 212w, https:\/\/vecinosdelinterior.com\/wp-content\/uploads\/2026\/02\/CARNAVAL-VILLA-MERCEDES-1-768x1086.jpeg 768w, https:\/\/vecinosdelinterior.com\/wp-content\/uploads\/2026\/02\/CARNAVAL-VILLA-MERCEDES-1-750x1060.jpeg 750w, https:\/\/vecinosdelinterior.com\/wp-content\/uploads\/2026\/02\/CARNAVAL-VILLA-MERCEDES-1.jpeg 1080w\" sizes=\"(max-width: 724px) 100vw, 724px\" \/><\/figure>\n\n\n\n<figure class=\"wp-block-image size-large\"><img loading=\"lazy\" decoding=\"async\" width=\"1024\" height=\"1024\" data-id=\"6415\" src=\"https:\/\/vecinosdelinterior.com\/wp-content\/uploads\/2026\/02\/WhatsApp-Image-2026-02-10-at-11.24.12-1-1024x1024.jpeg\" alt=\"\" class=\"wp-image-6415\" srcset=\"https:\/\/vecinosdelinterior.com\/wp-content\/uploads\/2026\/02\/WhatsApp-Image-2026-02-10-at-11.24.12-1-1024x1024.jpeg 1024w, https:\/\/vecinosdelinterior.com\/wp-content\/uploads\/2026\/02\/WhatsApp-Image-2026-02-10-at-11.24.12-1-300x300.jpeg 300w, https:\/\/vecinosdelinterior.com\/wp-content\/uploads\/2026\/02\/WhatsApp-Image-2026-02-10-at-11.24.12-1-150x150.jpeg 150w, https:\/\/vecinosdelinterior.com\/wp-content\/uploads\/2026\/02\/WhatsApp-Image-2026-02-10-at-11.24.12-1-768x768.jpeg 768w, https:\/\/vecinosdelinterior.com\/wp-content\/uploads\/2026\/02\/WhatsApp-Image-2026-02-10-at-11.24.12-1-75x75.jpeg 75w, https:\/\/vecinosdelinterior.com\/wp-content\/uploads\/2026\/02\/WhatsApp-Image-2026-02-10-at-11.24.12-1-750x750.jpeg 750w, https:\/\/vecinosdelinterior.com\/wp-content\/uploads\/2026\/02\/WhatsApp-Image-2026-02-10-at-11.24.12-1-1140x1140.jpeg 1140w, https:\/\/vecinosdelinterior.com\/wp-content\/uploads\/2026\/02\/WhatsApp-Image-2026-02-10-at-11.24.12-1.jpeg 1440w\" sizes=\"(max-width: 1024px) 100vw, 1024px\" \/><\/figure>\n\n\n\n<figure class=\"wp-block-image size-large\"><img loading=\"lazy\" decoding=\"async\" width=\"1024\" height=\"724\" data-id=\"6414\" src=\"https:\/\/vecinosdelinterior.com\/wp-content\/uploads\/2026\/02\/WhatsApp-Image-2026-02-10-at-11.24.25-1024x724.jpeg\" alt=\"\" class=\"wp-image-6414\" srcset=\"https:\/\/vecinosdelinterior.com\/wp-content\/uploads\/2026\/02\/WhatsApp-Image-2026-02-10-at-11.24.25-1024x724.jpeg 1024w, https:\/\/vecinosdelinterior.com\/wp-content\/uploads\/2026\/02\/WhatsApp-Image-2026-02-10-at-11.24.25-300x212.jpeg 300w, https:\/\/vecinosdelinterior.com\/wp-content\/uploads\/2026\/02\/WhatsApp-Image-2026-02-10-at-11.24.25-768x543.jpeg 768w, https:\/\/vecinosdelinterior.com\/wp-content\/uploads\/2026\/02\/WhatsApp-Image-2026-02-10-at-11.24.25-120x86.jpeg 120w, https:\/\/vecinosdelinterior.com\/wp-content\/uploads\/2026\/02\/WhatsApp-Image-2026-02-10-at-11.24.25-750x530.jpeg 750w, https:\/\/vecinosdelinterior.com\/wp-content\/uploads\/2026\/02\/WhatsApp-Image-2026-02-10-at-11.24.25-1140x806.jpeg 1140w, https:\/\/vecinosdelinterior.com\/wp-content\/uploads\/2026\/02\/WhatsApp-Image-2026-02-10-at-11.24.25.jpeg 1440w\" sizes=\"(max-width: 1024px) 100vw, 1024px\" \/><\/figure>\n\n\n\n<figure class=\"wp-block-image size-large\"><img loading=\"lazy\" decoding=\"async\" width=\"819\" height=\"1024\" data-id=\"6413\" src=\"https:\/\/vecinosdelinterior.com\/wp-content\/uploads\/2026\/02\/WhatsApp-Image-2026-02-10-at-11.24.59-AM-3-819x1024.jpeg\" alt=\"\" class=\"wp-image-6413\" srcset=\"https:\/\/vecinosdelinterior.com\/wp-content\/uploads\/2026\/02\/WhatsApp-Image-2026-02-10-at-11.24.59-AM-3-819x1024.jpeg 819w, https:\/\/vecinosdelinterior.com\/wp-content\/uploads\/2026\/02\/WhatsApp-Image-2026-02-10-at-11.24.59-AM-3-240x300.jpeg 240w, https:\/\/vecinosdelinterior.com\/wp-content\/uploads\/2026\/02\/WhatsApp-Image-2026-02-10-at-11.24.59-AM-3-768x960.jpeg 768w, https:\/\/vecinosdelinterior.com\/wp-content\/uploads\/2026\/02\/WhatsApp-Image-2026-02-10-at-11.24.59-AM-3-750x938.jpeg 750w, https:\/\/vecinosdelinterior.com\/wp-content\/uploads\/2026\/02\/WhatsApp-Image-2026-02-10-at-11.24.59-AM-3.jpeg 1080w\" sizes=\"(max-width: 819px) 100vw, 819px\" \/><\/figure>\n\n\n\n<figure class=\"wp-block-image size-large\"><img loading=\"lazy\" decoding=\"async\" width=\"722\" height=\"1024\" data-id=\"6412\" src=\"https:\/\/vecinosdelinterior.com\/wp-content\/uploads\/2026\/02\/WhatsApp-Image-2026-02-11-at-3.16.13-PM-722x1024.jpeg\" alt=\"\" class=\"wp-image-6412\" srcset=\"https:\/\/vecinosdelinterior.com\/wp-content\/uploads\/2026\/02\/WhatsApp-Image-2026-02-11-at-3.16.13-PM-722x1024.jpeg 722w, https:\/\/vecinosdelinterior.com\/wp-content\/uploads\/2026\/02\/WhatsApp-Image-2026-02-11-at-3.16.13-PM-212x300.jpeg 212w, https:\/\/vecinosdelinterior.com\/wp-content\/uploads\/2026\/02\/WhatsApp-Image-2026-02-11-at-3.16.13-PM-768x1089.jpeg 768w, https:\/\/vecinosdelinterior.com\/wp-content\/uploads\/2026\/02\/WhatsApp-Image-2026-02-11-at-3.16.13-PM-1083x1536.jpeg 1083w, https:\/\/vecinosdelinterior.com\/wp-content\/uploads\/2026\/02\/WhatsApp-Image-2026-02-11-at-3.16.13-PM-750x1064.jpeg 750w, https:\/\/vecinosdelinterior.com\/wp-content\/uploads\/2026\/02\/WhatsApp-Image-2026-02-11-at-3.16.13-PM.jpeg 1128w\" sizes=\"(max-width: 722px) 100vw, 722px\" \/><\/figure>\n\n\n\n<figure class=\"wp-block-image size-large\"><img loading=\"lazy\" decoding=\"async\" width=\"819\" height=\"1024\" data-id=\"6416\" src=\"https:\/\/vecinosdelinterior.com\/wp-content\/uploads\/2026\/02\/WhatsApp-Image-2026-02-11-at-3.17.30-PM-819x1024.jpeg\" alt=\"\" class=\"wp-image-6416\" srcset=\"https:\/\/vecinosdelinterior.com\/wp-content\/uploads\/2026\/02\/WhatsApp-Image-2026-02-11-at-3.17.30-PM-819x1024.jpeg 819w, https:\/\/vecinosdelinterior.com\/wp-content\/uploads\/2026\/02\/WhatsApp-Image-2026-02-11-at-3.17.30-PM-240x300.jpeg 240w, https:\/\/vecinosdelinterior.com\/wp-content\/uploads\/2026\/02\/WhatsApp-Image-2026-02-11-at-3.17.30-PM-768x960.jpeg 768w, https:\/\/vecinosdelinterior.com\/wp-content\/uploads\/2026\/02\/WhatsApp-Image-2026-02-11-at-3.17.30-PM-1229x1536.jpeg 1229w, https:\/\/vecinosdelinterior.com\/wp-content\/uploads\/2026\/02\/WhatsApp-Image-2026-02-11-at-3.17.30-PM-750x938.jpeg 750w, https:\/\/vecinosdelinterior.com\/wp-content\/uploads\/2026\/02\/WhatsApp-Image-2026-02-11-at-3.17.30-PM-1140x1425.jpeg 1140w, https:\/\/vecinosdelinterior.com\/wp-content\/uploads\/2026\/02\/WhatsApp-Image-2026-02-11-at-3.17.30-PM.jpeg 1280w\" sizes=\"(max-width: 819px) 100vw, 819px\" \/><\/figure>\n<\/figure>\n\n\n\n<p><br>El festejo contar\u00e1 con las presentaciones de Costasacate, La Murga de Los Molles, Combinaci\u00f3n Nativa, Ballet Kausani, Ka\u00f1ari Pandilla Sikuri, Kaos 360 y Candombe. El cierre bailable estar\u00e1 a cargo de los grupos \u2018Walicho Tropical\u2019 y Eduardo Nall\u00edn junto a \u2018Lucho y la m\u00e1s popular\u2019.<br>Papagayos vuelve a ser anfitriona en 2026, para recibir a turistas de la provincia y el pa\u00eds en la 25\u00aa edici\u00f3n del Festival de la Palmera Caranday, el domingo 15 de febrero con entrada libre y gratuita.<\/p>\n\n\n\n<p><br>Luego de la doma, en la plaza Sarmiento, el ballet Amancay har\u00e1 la apertura y le dar\u00e1 paso a las actuaciones de Juli\u00e1n Oderiz, Javier Gonz\u00e1lez y sus bagualeros, Isondu y Milton Castillo. El cierre estar\u00e1 a cargo de Los Palmae, ya en la madrugada del lunes 16.<br>Con entrada libre y gratuita, el domingo 15 se vivir\u00e1 en Tilisarao una noche a puro ritmo, baile y alegr\u00eda de Carnaval. El evento comenzar\u00e1 a las 20:00, en las avenidas C\u00f3rdoba y Mitre, frente al Edificio Municipal.<\/p>\n\n\n\n<p><br>La grilla art\u00edstica contar\u00e1 con las presentaciones de Ale y Mat\u00edas Ortiz, Los Herederos, Clase 80, La Firma, Encendidos, La China Vega y Banda Imperio. La Monada, una de las bandas m\u00e1s convocantes del cuarteto a nivel nacional, estar\u00e1 a cargo del show principal.<\/p>\n\n\n\n<p><br>Este domingo 15, desde las 17:00, en San Jos\u00e9 del Morro, se realizar\u00e1 la 6\u00b0 edici\u00f3n de la Fiesta de la Empanada Artesanal. Uno de los principales atractivos ser\u00e1 el patio gastron\u00f3mico, que ofrecer\u00e1 m\u00e1s de 15 variedades de empanadas: criollas, de jam\u00f3n y queso, vizcacha, chancho jabal\u00ed, avestruz y humita.<br>La propuesta contar\u00e1 con la participaci\u00f3n de artistas provinciales. En danza, estar\u00e1n presentes ballets de Juan Llerena, Potrerillo, La Toma, Villa Mercedes y San Jos\u00e9 del Morro. La grilla musical estar\u00e1 conformada por Los Hermanos Lucero, Alma Chamamecera, Academia de M\u00fasica La Clave, Los Manyines de Cuyo, Los Parientes y Los Hermanitos Albelo. El cierre estar\u00e1 a cargo de Aldo y Los Diamantes.<\/p>\n\n\n\n<p><br>La entrada general tendr\u00e1 un valor de $10.000, mientras que la anticipada podr\u00e1 adquirirse a $8.000 en la oficina de Turismo y en la oficina municipal.<br>Este lunes 16, el coraz\u00f3n de las Sierras de los Comechingones se llenar\u00e1 de murgas y colores con los Carnavales en Carpinter\u00eda. Desde la municipalidad, a trav\u00e9s de sus redes sociales, informaron que las entradas anticipadas tienen un valor de $8.000, y se pueden adquirir al siguiente n\u00famero: 2665-135322. La Banda XXI ser\u00e1 la encargada del cierre art\u00edstico.<\/p>\n\n\n\n<figure class=\"wp-block-gallery has-nested-images columns-default is-cropped wp-block-gallery-3 is-layout-flex wp-block-gallery-is-layout-flex\">\n<figure class=\"wp-block-image size-large\"><img loading=\"lazy\" decoding=\"async\" width=\"683\" height=\"1024\" data-id=\"6420\" src=\"https:\/\/vecinosdelinterior.com\/wp-content\/uploads\/2026\/02\/WhatsApp-Image-2026-02-11-at-3.18.43-PM-683x1024.jpeg\" alt=\"\" class=\"wp-image-6420\" srcset=\"https:\/\/vecinosdelinterior.com\/wp-content\/uploads\/2026\/02\/WhatsApp-Image-2026-02-11-at-3.18.43-PM-683x1024.jpeg 683w, https:\/\/vecinosdelinterior.com\/wp-content\/uploads\/2026\/02\/WhatsApp-Image-2026-02-11-at-3.18.43-PM-200x300.jpeg 200w, https:\/\/vecinosdelinterior.com\/wp-content\/uploads\/2026\/02\/WhatsApp-Image-2026-02-11-at-3.18.43-PM-768x1152.jpeg 768w, https:\/\/vecinosdelinterior.com\/wp-content\/uploads\/2026\/02\/WhatsApp-Image-2026-02-11-at-3.18.43-PM-750x1125.jpeg 750w, https:\/\/vecinosdelinterior.com\/wp-content\/uploads\/2026\/02\/WhatsApp-Image-2026-02-11-at-3.18.43-PM.jpeg 1024w\" sizes=\"(max-width: 683px) 100vw, 683px\" \/><\/figure>\n\n\n\n<figure class=\"wp-block-image size-large\"><img loading=\"lazy\" decoding=\"async\" width=\"575\" height=\"1024\" data-id=\"6419\" src=\"https:\/\/vecinosdelinterior.com\/wp-content\/uploads\/2026\/02\/WhatsApp-Image-2026-02-11-at-3.21.23-PM-575x1024.jpeg\" alt=\"\" class=\"wp-image-6419\" srcset=\"https:\/\/vecinosdelinterior.com\/wp-content\/uploads\/2026\/02\/WhatsApp-Image-2026-02-11-at-3.21.23-PM-575x1024.jpeg 575w, https:\/\/vecinosdelinterior.com\/wp-content\/uploads\/2026\/02\/WhatsApp-Image-2026-02-11-at-3.21.23-PM-169x300.jpeg 169w, https:\/\/vecinosdelinterior.com\/wp-content\/uploads\/2026\/02\/WhatsApp-Image-2026-02-11-at-3.21.23-PM.jpeg 719w\" sizes=\"(max-width: 575px) 100vw, 575px\" \/><\/figure>\n\n\n\n<figure class=\"wp-block-image size-large\"><img loading=\"lazy\" decoding=\"async\" width=\"819\" height=\"1024\" data-id=\"6417\" src=\"https:\/\/vecinosdelinterior.com\/wp-content\/uploads\/2026\/02\/WhatsApp-Image-2026-02-11-at-3.23.30-PM-819x1024.jpeg\" alt=\"\" class=\"wp-image-6417\" srcset=\"https:\/\/vecinosdelinterior.com\/wp-content\/uploads\/2026\/02\/WhatsApp-Image-2026-02-11-at-3.23.30-PM-819x1024.jpeg 819w, https:\/\/vecinosdelinterior.com\/wp-content\/uploads\/2026\/02\/WhatsApp-Image-2026-02-11-at-3.23.30-PM-240x300.jpeg 240w, https:\/\/vecinosdelinterior.com\/wp-content\/uploads\/2026\/02\/WhatsApp-Image-2026-02-11-at-3.23.30-PM-768x960.jpeg 768w, https:\/\/vecinosdelinterior.com\/wp-content\/uploads\/2026\/02\/WhatsApp-Image-2026-02-11-at-3.23.30-PM-750x938.jpeg 750w, https:\/\/vecinosdelinterior.com\/wp-content\/uploads\/2026\/02\/WhatsApp-Image-2026-02-11-at-3.23.30-PM.jpeg 1080w\" sizes=\"(max-width: 819px) 100vw, 819px\" \/><\/figure>\n\n\n\n<figure class=\"wp-block-image size-large\"><img loading=\"lazy\" decoding=\"async\" width=\"797\" height=\"1024\" data-id=\"6418\" src=\"https:\/\/vecinosdelinterior.com\/wp-content\/uploads\/2026\/02\/WhatsApp-Image-2026-02-11-at-5.34.53-PM-797x1024.jpeg\" alt=\"\" class=\"wp-image-6418\" srcset=\"https:\/\/vecinosdelinterior.com\/wp-content\/uploads\/2026\/02\/WhatsApp-Image-2026-02-11-at-5.34.53-PM-797x1024.jpeg 797w, https:\/\/vecinosdelinterior.com\/wp-content\/uploads\/2026\/02\/WhatsApp-Image-2026-02-11-at-5.34.53-PM-234x300.jpeg 234w, https:\/\/vecinosdelinterior.com\/wp-content\/uploads\/2026\/02\/WhatsApp-Image-2026-02-11-at-5.34.53-PM-768x987.jpeg 768w, https:\/\/vecinosdelinterior.com\/wp-content\/uploads\/2026\/02\/WhatsApp-Image-2026-02-11-at-5.34.53-PM-750x963.jpeg 750w, https:\/\/vecinosdelinterior.com\/wp-content\/uploads\/2026\/02\/WhatsApp-Image-2026-02-11-at-5.34.53-PM-1140x1464.jpeg 1140w, https:\/\/vecinosdelinterior.com\/wp-content\/uploads\/2026\/02\/WhatsApp-Image-2026-02-11-at-5.34.53-PM.jpeg 1170w\" sizes=\"(max-width: 797px) 100vw, 797px\" \/><\/figure>\n<\/figure>\n\n\n\n<p><br>La 22\u00b0 edici\u00f3n del Festival Provincial de las Aguas Claras se desarrollar\u00e1 el lunes 16 en el predio Genaro Jofr\u00e9, en Nogol\u00ed. La entrada tiene un valor de $10 mil y con el ticket participan del sorteo de una bicicleta. Desde la municipalidad autorizaron el uso de reposeras y mesas, pero no el de conservadoras.<br>A partir de las 20:00, subir\u00e1n al escenario el ballets Virgen del Roc\u00edo, Suspiros del Alma y Aguas Claras. Gonzalo Rojos, Dos en Cuyo, Mili y sus Amigos, Los Hermanos Rivero, Tres para el Canto, Luis Soloa, Fer y Facu, Renzo Albelo, llenar\u00e1n de m\u00fasica el predio Genaro Jofr\u00e9. Los Hermanitos Albelo, ser\u00e1n los encargados de cerrar el festival.<\/p>\n\n\n\n<p>El lunes 16 de febrero, desde las 21:30, la plaza Pringles de Santa Rosa del Conlara ser\u00e1 el epicentro de una noche cargada de m\u00fasica, color y alegr\u00eda en un evento totalmente gratuito. Adem\u00e1s, el evento contar\u00e1 con patio de comidas y paseo de artesanos.<br>La noche contar\u00e1 con la participaci\u00f3n de destacadas comparsas, como Luz y Mar, Hual\u00fam Hual\u00e1, Vidalegre y Chispitas. El cierre musical estar\u00e1 a cargo de Banda Imperio, que pondr\u00e1 el broche de oro a una noche pensada para disfrutar en familia.<\/p>\n","protected":false},"excerpt":{"rendered":"<p>VECINOSDELINTERIOR.COM \/ 14 DE FEBREROSan Ger\u00f3nimo, Los Manantiales, Villa Mercedes, Candelaria, Papagayos, Alto Pencoso, Tilisarao, Santa Rosa del Conlara, Las Chacras, La Punilla, San Jos\u00e9 del Morro, Carpinter\u00eda, Nogol\u00ed, Saladillo y Los Molles conmemorar\u00e1n sus ra\u00edces sanluise\u00f1as con festivales y carnavales para el disfrute de familias y visitantes.Este viernes 13 y s\u00e1bado 14, Candelaria desarrollar\u00e1 [&hellip;]<\/p>\n","protected":false},"author":1,"featured_media":6421,"comment_status":"open","ping_status":"open","sticky":false,"template":"","format":"standard","meta":{"footnotes":""},"categories":[1],"tags":[],"class_list":["post-6405","post","type-post","status-publish","format-standard","has-post-thumbnail","hentry","category-blog"],"_links":{"self":[{"href":"https:\/\/vecinosdelinterior.com\/index.php\/wp-json\/wp\/v2\/posts\/6405","targetHints":{"allow":["GET"]}}],"collection":[{"href":"https:\/\/vecinosdelinterior.com\/index.php\/wp-json\/wp\/v2\/posts"}],"about":[{"href":"https:\/\/vecinosdelinterior.com\/index.php\/wp-json\/wp\/v2\/types\/post"}],"author":[{"embeddable":true,"href":"https:\/\/vecinosdelinterior.com\/index.php\/wp-json\/wp\/v2\/users\/1"}],"replies":[{"embeddable":true,"href":"https:\/\/vecinosdelinterior.com\/index.php\/wp-json\/wp\/v2\/comments?post=6405"}],"version-history":[{"count":1,"href":"https:\/\/vecinosdelinterior.com\/index.php\/wp-json\/wp\/v2\/posts\/6405\/revisions"}],"predecessor-version":[{"id":6422,"href":"https:\/\/vecinosdelinterior.com\/index.php\/wp-json\/wp\/v2\/posts\/6405\/revisions\/6422"}],"wp:featuredmedia":[{"embeddable":true,"href":"https:\/\/vecinosdelinterior.com\/index.php\/wp-json\/wp\/v2\/media\/6421"}],"wp:attachment":[{"href":"https:\/\/vecinosdelinterior.com\/index.php\/wp-json\/wp\/v2\/media?parent=6405"}],"wp:term":[{"taxonomy":"category","embeddable":true,"href":"https:\/\/vecinosdelinterior.com\/index.php\/wp-json\/wp\/v2\/categories?post=6405"},{"taxonomy":"post_tag","embeddable":true,"href":"https:\/\/vecinosdelinterior.com\/index.php\/wp-json\/wp\/v2\/tags?post=6405"}],"curies":[{"name":"wp","href":"https:\/\/api.w.org\/{rel}","templated":true}]}}