{"id":643,"date":"2023-09-07T11:03:47","date_gmt":"2023-09-07T14:03:47","guid":{"rendered":"https:\/\/vecinosdelinterior.com\/?p=643"},"modified":"2023-09-07T11:03:48","modified_gmt":"2023-09-07T14:03:48","slug":"san-francisco-del-monte-de-oro-un-hombre-con-pedido-de-detencion-fue-aprehendido","status":"publish","type":"post","link":"https:\/\/vecinosdelinterior.com\/index.php\/2023\/09\/07\/san-francisco-del-monte-de-oro-un-hombre-con-pedido-de-detencion-fue-aprehendido\/","title":{"rendered":"San Francisco del Monte de Oro: un hombre con pedido de detenci\u00f3n fue aprehendido"},"content":{"rendered":"\n<p><\/p>\n\n\n\n<p>Efectivos del Departamento Investigaciones Quines estuvieron a cargo del procedimiento.<br>Fue en las horas de la ma\u00f1ana de este mi\u00e9rcoles 6 de septiembre.<br>Tuvo lugar en calles Belgrano e intersecci\u00f3n de Sarmiento.<br>Los oficiales realizaron tareas operativas y observaron a un sujeto, quien al notar la presencia policial adopt\u00f3 una actitud esquiva. Fue identificado y demorado.<br>Se supo que, sobre el hombre de 41 a\u00f1os de edad pesaba una orden de detenci\u00f3n por los delitos de amenazas reiteradas en tres hechos, incumplimiento de orden judicial y tenencia ilegal de armas.<br>La medida judicial fue ordenada por el juzgado en turno.<br>El detenido fue trasladado a sede policial, quedando a disposici\u00f3n de la justicia interviniente.<\/p>\n\n\n\n<figure class=\"wp-block-image size-large\"><img fetchpriority=\"high\" decoding=\"async\" width=\"1024\" height=\"1024\" src=\"https:\/\/vecinosdelinterior.com\/wp-content\/uploads\/2023\/09\/WhatsApp-Image-2023-09-06-at-22.17.08-1024x1024.jpeg\" alt=\"\" class=\"wp-image-644\" srcset=\"https:\/\/vecinosdelinterior.com\/wp-content\/uploads\/2023\/09\/WhatsApp-Image-2023-09-06-at-22.17.08-1024x1024.jpeg 1024w, https:\/\/vecinosdelinterior.com\/wp-content\/uploads\/2023\/09\/WhatsApp-Image-2023-09-06-at-22.17.08-300x300.jpeg 300w, https:\/\/vecinosdelinterior.com\/wp-content\/uploads\/2023\/09\/WhatsApp-Image-2023-09-06-at-22.17.08-150x150.jpeg 150w, https:\/\/vecinosdelinterior.com\/wp-content\/uploads\/2023\/09\/WhatsApp-Image-2023-09-06-at-22.17.08-768x768.jpeg 768w, https:\/\/vecinosdelinterior.com\/wp-content\/uploads\/2023\/09\/WhatsApp-Image-2023-09-06-at-22.17.08-1536x1536.jpeg 1536w, https:\/\/vecinosdelinterior.com\/wp-content\/uploads\/2023\/09\/WhatsApp-Image-2023-09-06-at-22.17.08-75x75.jpeg 75w, https:\/\/vecinosdelinterior.com\/wp-content\/uploads\/2023\/09\/WhatsApp-Image-2023-09-06-at-22.17.08-750x750.jpeg 750w, https:\/\/vecinosdelinterior.com\/wp-content\/uploads\/2023\/09\/WhatsApp-Image-2023-09-06-at-22.17.08-1140x1140.jpeg 1140w, https:\/\/vecinosdelinterior.com\/wp-content\/uploads\/2023\/09\/WhatsApp-Image-2023-09-06-at-22.17.08.jpeg 1544w\" sizes=\"(max-width: 1024px) 100vw, 1024px\" \/><\/figure>\n","protected":false},"excerpt":{"rendered":"<p>Efectivos del Departamento Investigaciones Quines estuvieron a cargo del procedimiento.Fue en las horas de la ma\u00f1ana de este mi\u00e9rcoles 6 de septiembre.Tuvo lugar en calles Belgrano e intersecci\u00f3n de Sarmiento.Los oficiales realizaron tareas operativas y observaron a un sujeto, quien al notar la presencia policial adopt\u00f3 una actitud esquiva. Fue identificado y demorado.Se supo que, [&hellip;]<\/p>\n","protected":false},"author":1,"featured_media":645,"comment_status":"open","ping_status":"open","sticky":false,"template":"","format":"standard","meta":{"footnotes":""},"categories":[8,9],"tags":[11],"class_list":["post-643","post","type-post","status-publish","format-standard","has-post-thumbnail","hentry","category-ayacucho","category-san-francisco","tag-san-francisco"],"_links":{"self":[{"href":"https:\/\/vecinosdelinterior.com\/index.php\/wp-json\/wp\/v2\/posts\/643","targetHints":{"allow":["GET"]}}],"collection":[{"href":"https:\/\/vecinosdelinterior.com\/index.php\/wp-json\/wp\/v2\/posts"}],"about":[{"href":"https:\/\/vecinosdelinterior.com\/index.php\/wp-json\/wp\/v2\/types\/post"}],"author":[{"embeddable":true,"href":"https:\/\/vecinosdelinterior.com\/index.php\/wp-json\/wp\/v2\/users\/1"}],"replies":[{"embeddable":true,"href":"https:\/\/vecinosdelinterior.com\/index.php\/wp-json\/wp\/v2\/comments?post=643"}],"version-history":[{"count":1,"href":"https:\/\/vecinosdelinterior.com\/index.php\/wp-json\/wp\/v2\/posts\/643\/revisions"}],"predecessor-version":[{"id":646,"href":"https:\/\/vecinosdelinterior.com\/index.php\/wp-json\/wp\/v2\/posts\/643\/revisions\/646"}],"wp:featuredmedia":[{"embeddable":true,"href":"https:\/\/vecinosdelinterior.com\/index.php\/wp-json\/wp\/v2\/media\/645"}],"wp:attachment":[{"href":"https:\/\/vecinosdelinterior.com\/index.php\/wp-json\/wp\/v2\/media?parent=643"}],"wp:term":[{"taxonomy":"category","embeddable":true,"href":"https:\/\/vecinosdelinterior.com\/index.php\/wp-json\/wp\/v2\/categories?post=643"},{"taxonomy":"post_tag","embeddable":true,"href":"https:\/\/vecinosdelinterior.com\/index.php\/wp-json\/wp\/v2\/tags?post=643"}],"curies":[{"name":"wp","href":"https:\/\/api.w.org\/{rel}","templated":true}]}}