{"id":6438,"date":"2026-02-18T13:53:00","date_gmt":"2026-02-18T16:53:00","guid":{"rendered":"https:\/\/vecinosdelinterior.com\/?p=6438"},"modified":"2026-02-18T16:54:44","modified_gmt":"2026-02-18T19:54:44","slug":"abren-inscripciones-para-la-epda-de-quines","status":"publish","type":"post","link":"https:\/\/vecinosdelinterior.com\/index.php\/2026\/02\/18\/abren-inscripciones-para-la-epda-de-quines\/","title":{"rendered":"Abren inscripciones para la EPDA de Quines"},"content":{"rendered":"\n<p>Si sos mayor de 18 a\u00f1os y quer\u00e9s terminar la primaria, esta es tu oportunidad \ud83d\ude4c<br>La Escuela P\u00fablica Digital para Adultos (EPDA) abre sus inscripciones para el ciclo 2026.<br>\ud83d\uddd3\ufe0f Del 18 al 24 de febrero de 2026<br>\ud83d\udccc De lunes a viernes<br>\ud83d\udccd Lugar: Calle Pueyrred\u00f3n entre Mariano Moreno y Av. San Mart\u00edn<br>(Edificio de Regi\u00f3n VI \u25cf Quines)<br>\ud83d\udcdd Documentaci\u00f3n requerida:<br>\u2714\ufe0f Fotocopia del DNI (ambos lados) y DNI original<br>\u2714\ufe0f Anal\u00edtico incompleto o Certificado de finalizaci\u00f3n de Primaria<br>\u2714\ufe0f Acta de Nacimiento<br>\ud83d\udcbb M\u00e1s informaci\u00f3n: ulp.edu.ar\/epd<br>Una propuesta de la Universidad de La Punta, para seguir apostando a la educaci\u00f3n y al futuro.<\/p>\n\n\n\n<figure class=\"wp-block-image size-large\"><img fetchpriority=\"high\" decoding=\"async\" width=\"819\" height=\"1024\" src=\"https:\/\/vecinosdelinterior.com\/wp-content\/uploads\/2026\/02\/638861237_18064146170649881_7919528893502834951_n-819x1024.jpg\" alt=\"\" class=\"wp-image-6439\" srcset=\"https:\/\/vecinosdelinterior.com\/wp-content\/uploads\/2026\/02\/638861237_18064146170649881_7919528893502834951_n-819x1024.jpg 819w, https:\/\/vecinosdelinterior.com\/wp-content\/uploads\/2026\/02\/638861237_18064146170649881_7919528893502834951_n-240x300.jpg 240w, https:\/\/vecinosdelinterior.com\/wp-content\/uploads\/2026\/02\/638861237_18064146170649881_7919528893502834951_n-768x960.jpg 768w, https:\/\/vecinosdelinterior.com\/wp-content\/uploads\/2026\/02\/638861237_18064146170649881_7919528893502834951_n-1229x1536.jpg 1229w, https:\/\/vecinosdelinterior.com\/wp-content\/uploads\/2026\/02\/638861237_18064146170649881_7919528893502834951_n-750x938.jpg 750w, https:\/\/vecinosdelinterior.com\/wp-content\/uploads\/2026\/02\/638861237_18064146170649881_7919528893502834951_n-1140x1425.jpg 1140w, https:\/\/vecinosdelinterior.com\/wp-content\/uploads\/2026\/02\/638861237_18064146170649881_7919528893502834951_n.jpg 1440w\" sizes=\"(max-width: 819px) 100vw, 819px\" \/><\/figure>\n","protected":false},"excerpt":{"rendered":"<p>Si sos mayor de 18 a\u00f1os y quer\u00e9s terminar la primaria, esta es tu oportunidad \ud83d\ude4cLa Escuela P\u00fablica Digital para Adultos (EPDA) abre sus inscripciones para el ciclo 2026.\ud83d\uddd3\ufe0f Del 18 al 24 de febrero de 2026\ud83d\udccc De lunes a viernes\ud83d\udccd Lugar: Calle Pueyrred\u00f3n entre Mariano Moreno y Av. San Mart\u00edn(Edificio de Regi\u00f3n VI \u25cf [&hellip;]<\/p>\n","protected":false},"author":1,"featured_media":6439,"comment_status":"open","ping_status":"open","sticky":false,"template":"","format":"standard","meta":{"footnotes":""},"categories":[8,54],"tags":[],"class_list":["post-6438","post","type-post","status-publish","format-standard","has-post-thumbnail","hentry","category-ayacucho","category-quines-ayacucho"],"_links":{"self":[{"href":"https:\/\/vecinosdelinterior.com\/index.php\/wp-json\/wp\/v2\/posts\/6438","targetHints":{"allow":["GET"]}}],"collection":[{"href":"https:\/\/vecinosdelinterior.com\/index.php\/wp-json\/wp\/v2\/posts"}],"about":[{"href":"https:\/\/vecinosdelinterior.com\/index.php\/wp-json\/wp\/v2\/types\/post"}],"author":[{"embeddable":true,"href":"https:\/\/vecinosdelinterior.com\/index.php\/wp-json\/wp\/v2\/users\/1"}],"replies":[{"embeddable":true,"href":"https:\/\/vecinosdelinterior.com\/index.php\/wp-json\/wp\/v2\/comments?post=6438"}],"version-history":[{"count":1,"href":"https:\/\/vecinosdelinterior.com\/index.php\/wp-json\/wp\/v2\/posts\/6438\/revisions"}],"predecessor-version":[{"id":6440,"href":"https:\/\/vecinosdelinterior.com\/index.php\/wp-json\/wp\/v2\/posts\/6438\/revisions\/6440"}],"wp:featuredmedia":[{"embeddable":true,"href":"https:\/\/vecinosdelinterior.com\/index.php\/wp-json\/wp\/v2\/media\/6439"}],"wp:attachment":[{"href":"https:\/\/vecinosdelinterior.com\/index.php\/wp-json\/wp\/v2\/media?parent=6438"}],"wp:term":[{"taxonomy":"category","embeddable":true,"href":"https:\/\/vecinosdelinterior.com\/index.php\/wp-json\/wp\/v2\/categories?post=6438"},{"taxonomy":"post_tag","embeddable":true,"href":"https:\/\/vecinosdelinterior.com\/index.php\/wp-json\/wp\/v2\/tags?post=6438"}],"curies":[{"name":"wp","href":"https:\/\/api.w.org\/{rel}","templated":true}]}}