{"id":6441,"date":"2026-02-18T09:55:00","date_gmt":"2026-02-18T12:55:00","guid":{"rendered":"https:\/\/vecinosdelinterior.com\/?p=6441"},"modified":"2026-02-18T16:57:22","modified_gmt":"2026-02-18T19:57:22","slug":"abren-descargadores-de-fondo-de-los-diques-antonio-esteban-aguero-saladillo-lujan-y-las-palmeras","status":"publish","type":"post","link":"https:\/\/vecinosdelinterior.com\/index.php\/2026\/02\/18\/abren-descargadores-de-fondo-de-los-diques-antonio-esteban-aguero-saladillo-lujan-y-las-palmeras\/","title":{"rendered":"Abren descargadores de fondo de los diques Antonio Esteban Ag\u00fcero, Saladillo, Luj\u00e1n y Las Palmeras"},"content":{"rendered":"\n<p>VECINOSDELINTERIOR.COM \/ 18 DE FEBRERO<br>San Luis Agua informa que, debido a las precipitaciones previstas, lleva adelante de manera preventiva el operativo de apertura de los descargadores de fondo de los diques, regulando y controlando las posibles crecidas de los r\u00edos.<br>El ente estatal ya se encuentra realizando la apertura de v\u00e1lvulas de los embalses Antonio Esteban Ag\u00fcero, en un 50%, y el de Saladillo en un 40%. El operativo durar\u00e1 72 horas y se recomienda tener precauci\u00f3n en la zona de Siete Cajones y en las inmediaciones del r\u00edo Quinto.<br>Adem\u00e1s, realizan el mismo procedimiento, pero por 48 horas, en los diques Luj\u00e1n y Las Palmeras. En el dique Luj\u00e1n se abrir\u00e1 en un 80%, por lo que recomiendan circular con precauci\u00f3n sobre los m\u00e1rgenes del r\u00edo Luj\u00e1n, y Las Palmeras en un 10%, aumentando el caudal de los r\u00edos Claro y Curtiembre.<br>Estas tareas tienen la finalidad de regular los vol\u00famenes de los embalses de manera estable, ya que al ocurrir grandes precipitaciones aumentan los caudales de los r\u00edos, se generan crecidas y estas entran a los embalses. Si los diques se encuentran regulados y las cotas disminuidas bajo su cota de vertedero, se pueden absorber esas crecidas y se logran erogar de manera paulatina desde el embalse a los r\u00edos evitando las crecidas y que estas generen escorrent\u00edas muy fuertes que terminen produciendo da\u00f1os. De esta manera con los embalses se genera la regulaci\u00f3n fluvial.<\/p>\n","protected":false},"excerpt":{"rendered":"<p>VECINOSDELINTERIOR.COM \/ 18 DE FEBREROSan Luis Agua informa que, debido a las precipitaciones previstas, lleva adelante de manera preventiva el operativo de apertura de los descargadores de fondo de los diques, regulando y controlando las posibles crecidas de los r\u00edos.El ente estatal ya se encuentra realizando la apertura de v\u00e1lvulas de los embalses Antonio Esteban [&hellip;]<\/p>\n","protected":false},"author":1,"featured_media":6442,"comment_status":"open","ping_status":"open","sticky":false,"template":"","format":"standard","meta":{"footnotes":""},"categories":[80],"tags":[],"class_list":["post-6441","post","type-post","status-publish","format-standard","has-post-thumbnail","hentry","category-general"],"_links":{"self":[{"href":"https:\/\/vecinosdelinterior.com\/index.php\/wp-json\/wp\/v2\/posts\/6441","targetHints":{"allow":["GET"]}}],"collection":[{"href":"https:\/\/vecinosdelinterior.com\/index.php\/wp-json\/wp\/v2\/posts"}],"about":[{"href":"https:\/\/vecinosdelinterior.com\/index.php\/wp-json\/wp\/v2\/types\/post"}],"author":[{"embeddable":true,"href":"https:\/\/vecinosdelinterior.com\/index.php\/wp-json\/wp\/v2\/users\/1"}],"replies":[{"embeddable":true,"href":"https:\/\/vecinosdelinterior.com\/index.php\/wp-json\/wp\/v2\/comments?post=6441"}],"version-history":[{"count":1,"href":"https:\/\/vecinosdelinterior.com\/index.php\/wp-json\/wp\/v2\/posts\/6441\/revisions"}],"predecessor-version":[{"id":6443,"href":"https:\/\/vecinosdelinterior.com\/index.php\/wp-json\/wp\/v2\/posts\/6441\/revisions\/6443"}],"wp:featuredmedia":[{"embeddable":true,"href":"https:\/\/vecinosdelinterior.com\/index.php\/wp-json\/wp\/v2\/media\/6442"}],"wp:attachment":[{"href":"https:\/\/vecinosdelinterior.com\/index.php\/wp-json\/wp\/v2\/media?parent=6441"}],"wp:term":[{"taxonomy":"category","embeddable":true,"href":"https:\/\/vecinosdelinterior.com\/index.php\/wp-json\/wp\/v2\/categories?post=6441"},{"taxonomy":"post_tag","embeddable":true,"href":"https:\/\/vecinosdelinterior.com\/index.php\/wp-json\/wp\/v2\/tags?post=6441"}],"curies":[{"name":"wp","href":"https:\/\/api.w.org\/{rel}","templated":true}]}}