{"id":6462,"date":"2026-02-24T22:38:00","date_gmt":"2026-02-25T01:38:00","guid":{"rendered":"https:\/\/vecinosdelinterior.com\/?p=6462"},"modified":"2026-02-25T00:39:42","modified_gmt":"2026-02-25T03:39:42","slug":"la-policia-demoro-en-san-francisco-del-monte-de-oro-a-un-sujeto-que-robo-elementos-de-una-vivienda-en-quines-los-objetos-fueron-recuperados","status":"publish","type":"post","link":"https:\/\/vecinosdelinterior.com\/index.php\/2026\/02\/24\/la-policia-demoro-en-san-francisco-del-monte-de-oro-a-un-sujeto-que-robo-elementos-de-una-vivienda-en-quines-los-objetos-fueron-recuperados\/","title":{"rendered":"La Polic\u00eda demor\u00f3 en San Francisco del Monte de Oro a un sujeto que rob\u00f3 elementos de una vivienda en Quines; los objetos fueron recuperados"},"content":{"rendered":"\n<p>VECINOSDELINTERIOR.COM \/ 24 DE FEBRERO<br>Este martes 24 de febrero por la ma\u00f1ana, un hombre se present\u00f3 en la Comisar\u00eda Distrito 15\u00b0 de Quines debido a que en el domicilio de su padre, ubicado calle Mariano Moreno, entre 9 de Julio y Sarmiento, se hab\u00eda producido la sustracci\u00f3n de distintos objetos.<br>Los uniformados se dirigieron de inmediato hacia ese sitio y visualizaron que una ventana que da al fondo de la propiedad hab\u00eda sido forzada, constatando el faltante de dos hidrolavadoras, una aspiradora, una procesadora y una cafetera el\u00e9ctrica<\/p>\n\n\n\n<figure class=\"wp-block-gallery has-nested-images columns-default is-cropped wp-block-gallery-1 is-layout-flex wp-block-gallery-is-layout-flex\">\n<figure class=\"wp-block-image size-large\"><img fetchpriority=\"high\" decoding=\"async\" width=\"720\" height=\"747\" data-id=\"6463\" src=\"https:\/\/vecinosdelinterior.com\/wp-content\/uploads\/2026\/02\/641436042_780497991767556_5038243999962305541_n.jpg\" alt=\"\" class=\"wp-image-6463\" srcset=\"https:\/\/vecinosdelinterior.com\/wp-content\/uploads\/2026\/02\/641436042_780497991767556_5038243999962305541_n.jpg 720w, https:\/\/vecinosdelinterior.com\/wp-content\/uploads\/2026\/02\/641436042_780497991767556_5038243999962305541_n-289x300.jpg 289w\" sizes=\"(max-width: 720px) 100vw, 720px\" \/><\/figure>\n\n\n\n<figure class=\"wp-block-image size-large\"><img decoding=\"async\" width=\"681\" height=\"681\" data-id=\"6464\" src=\"https:\/\/vecinosdelinterior.com\/wp-content\/uploads\/2026\/02\/641257520_780497985100890_5365033894379133764_n.jpg\" alt=\"\" class=\"wp-image-6464\" srcset=\"https:\/\/vecinosdelinterior.com\/wp-content\/uploads\/2026\/02\/641257520_780497985100890_5365033894379133764_n.jpg 681w, https:\/\/vecinosdelinterior.com\/wp-content\/uploads\/2026\/02\/641257520_780497985100890_5365033894379133764_n-300x300.jpg 300w, https:\/\/vecinosdelinterior.com\/wp-content\/uploads\/2026\/02\/641257520_780497985100890_5365033894379133764_n-150x150.jpg 150w, https:\/\/vecinosdelinterior.com\/wp-content\/uploads\/2026\/02\/641257520_780497985100890_5365033894379133764_n-75x75.jpg 75w\" sizes=\"(max-width: 681px) 100vw, 681px\" \/><\/figure>\n<\/figure>\n\n\n\n<p><br>Los efectivos realizaron una inspecci\u00f3n en los alrededores y en una propiedad colindante observaron una silla apoyada sobre la medianera. Por tal motivo se identific\u00f3 a los inquilinos de ese lugar, siendo unos alba\u00f1iles que est\u00e1n trabajando en una obra en construcci\u00f3n en la localidad.<br>El empleador de dichos trabajadores accedi\u00f3 de manera voluntaria para que los polic\u00edas puedan realizar una inspecci\u00f3n en el inmueble, manifestando -adem\u00e1s- que hab\u00eda tenido inconvenientes con uno de los alba\u00f1iles, quien se hab\u00eda retirado m\u00e1s temprano de ese sitio.<br>Al revisar el interior, los polic\u00edas encontraron documentaci\u00f3n de un hombre de 28 a\u00f1os de edad y, posteriormente, tomaron conocimiento que dicho sujeto hab\u00eda abordado un colectivo con destino a la ciudad de San Luis.<br>Por tal motivo se dio aviso de la situaci\u00f3n a las comisar\u00edas cercanas y, en el transcurso de la ma\u00f1ana, los efectivos de la dependencia policial de Quines recibieron una comunicaci\u00f3n de polic\u00edas de la Comisar\u00eda Distrito 14\u00b0 de San Francisco del Monte de Oro, quienes hab\u00edan identificado al individuo de 28 a\u00f1os en la terminal de esa localidad, mientras viajaba en un \u00f3mnibus hacia San Luis.<br>En su equipaje, el sujeto ten\u00eda dos hidrolavadoras, una aspiradora, una procesadora y una cafetera el\u00e9ctrica, elementos coincidentes a los sustra\u00eddos de la vivienda en Quines.<br>En ese marco, los mismos fueron recuperados y secuestrados preventivamente, mientras que el individuo de 28 a\u00f1os fue demorado y trasladado a la dependencia policial.<br>En el hecho tom\u00f3 intervenci\u00f3n la Fiscal\u00eda de Instrucci\u00f3n N\u00b0 5 de la Primera Circunscripci\u00f3n Judicial, a cargo de la Dra. D\u00e9bora Antonella Roy Gitto.<\/p>\n","protected":false},"excerpt":{"rendered":"<p>VECINOSDELINTERIOR.COM \/ 24 DE FEBREROEste martes 24 de febrero por la ma\u00f1ana, un hombre se present\u00f3 en la Comisar\u00eda Distrito 15\u00b0 de Quines debido a que en el domicilio de su padre, ubicado calle Mariano Moreno, entre 9 de Julio y Sarmiento, se hab\u00eda producido la sustracci\u00f3n de distintos objetos.Los uniformados se dirigieron de inmediato [&hellip;]<\/p>\n","protected":false},"author":1,"featured_media":6464,"comment_status":"open","ping_status":"open","sticky":false,"template":"","format":"standard","meta":{"footnotes":""},"categories":[8,9],"tags":[],"class_list":["post-6462","post","type-post","status-publish","format-standard","has-post-thumbnail","hentry","category-ayacucho","category-san-francisco"],"_links":{"self":[{"href":"https:\/\/vecinosdelinterior.com\/index.php\/wp-json\/wp\/v2\/posts\/6462","targetHints":{"allow":["GET"]}}],"collection":[{"href":"https:\/\/vecinosdelinterior.com\/index.php\/wp-json\/wp\/v2\/posts"}],"about":[{"href":"https:\/\/vecinosdelinterior.com\/index.php\/wp-json\/wp\/v2\/types\/post"}],"author":[{"embeddable":true,"href":"https:\/\/vecinosdelinterior.com\/index.php\/wp-json\/wp\/v2\/users\/1"}],"replies":[{"embeddable":true,"href":"https:\/\/vecinosdelinterior.com\/index.php\/wp-json\/wp\/v2\/comments?post=6462"}],"version-history":[{"count":1,"href":"https:\/\/vecinosdelinterior.com\/index.php\/wp-json\/wp\/v2\/posts\/6462\/revisions"}],"predecessor-version":[{"id":6465,"href":"https:\/\/vecinosdelinterior.com\/index.php\/wp-json\/wp\/v2\/posts\/6462\/revisions\/6465"}],"wp:featuredmedia":[{"embeddable":true,"href":"https:\/\/vecinosdelinterior.com\/index.php\/wp-json\/wp\/v2\/media\/6464"}],"wp:attachment":[{"href":"https:\/\/vecinosdelinterior.com\/index.php\/wp-json\/wp\/v2\/media?parent=6462"}],"wp:term":[{"taxonomy":"category","embeddable":true,"href":"https:\/\/vecinosdelinterior.com\/index.php\/wp-json\/wp\/v2\/categories?post=6462"},{"taxonomy":"post_tag","embeddable":true,"href":"https:\/\/vecinosdelinterior.com\/index.php\/wp-json\/wp\/v2\/tags?post=6462"}],"curies":[{"name":"wp","href":"https:\/\/api.w.org\/{rel}","templated":true}]}}