{"id":6466,"date":"2026-02-24T08:39:00","date_gmt":"2026-02-24T11:39:00","guid":{"rendered":"https:\/\/vecinosdelinterior.com\/?p=6466"},"modified":"2026-02-25T00:41:07","modified_gmt":"2026-02-25T03:41:07","slug":"grave-accidente-en-cercanias-de-papagayos","status":"publish","type":"post","link":"https:\/\/vecinosdelinterior.com\/index.php\/2026\/02\/24\/grave-accidente-en-cercanias-de-papagayos\/","title":{"rendered":"Grave accidente en cercan\u00edas de Papagayos"},"content":{"rendered":"\n<p>VECINOSDELINTERIOR.COM \/ 24 DE FEBRERO<br>Desde el Destacamento 35\u00b0 de la UROP N\u00b0 6 informaron que este lunes 23 de febrero por la tarde, alrededor de las 19:00 horas, se produjo un accidente de tr\u00e1nsito en el kil\u00f3metro 46,5 de la ruta provincial 1, a la altura del paraje Palo Verde, entre las localidades de Papagayos y Villa del Carmen.<br>De acuerdo a las averiguaciones policiales, un hombre de 40 a\u00f1os conduc\u00eda de sur a norte un autom\u00f3vil Ford Fiesta en compa\u00f1\u00eda de un joven y una joven (ambos de 18 a\u00f1os) y una mujer de 39 a\u00f1os (todos con domicilio en la localidad de San Pablo), y en el sector de una bajada -de acuerdo a lo manifestado por uno de los ocupantes- apag\u00f3 el motor y el volante se trab\u00f3, lo que provoc\u00f3 que perdiera el control del veh\u00edculo, el cual despist\u00f3 hacia una alcantarilla al costado de la carpeta asf\u00e1ltica.<br>Tras el siniestro, los cuatro ocupantes fueron asistidos por personal m\u00e9dico que acudieron al lugar en ambulancias del Sempro y de las localidades de Villa del Carmen y Papagayos.<br>Posteriormente, fueron trasladados hacia el Hospital \u201cMadre Catalina Rodr\u00edguez\u201d de Villa de Merlo para recibir atenci\u00f3n m\u00e9dica m\u00e1s compleja.<br>En el sitio del accidente se hicieron presentes los Bomberos Voluntarios de Papagayos, Villa Larca y Villa del Carmen, quienes colaboraron con las tareas de primeros auxilios. Tambi\u00e9n se hicieron presentes efectivos de Polic\u00eda Cient\u00edfica y de la Direcci\u00f3n General de Polic\u00eda Caminera y Seguridad Vial, Cuerpo Vial para realizar las pericias correspondientes, mientras que el personal policial efectu\u00f3 prevenci\u00f3n sobre la ruta para resguardar la circulaci\u00f3n.<\/p>\n\n\n\n<figure class=\"wp-block-image size-large\"><img fetchpriority=\"high\" decoding=\"async\" width=\"1024\" height=\"768\" src=\"https:\/\/vecinosdelinterior.com\/wp-content\/uploads\/2026\/02\/640945808_780185331798822_8981048142798227713_n-1024x768.jpg\" alt=\"\" class=\"wp-image-6467\" srcset=\"https:\/\/vecinosdelinterior.com\/wp-content\/uploads\/2026\/02\/640945808_780185331798822_8981048142798227713_n-1024x768.jpg 1024w, https:\/\/vecinosdelinterior.com\/wp-content\/uploads\/2026\/02\/640945808_780185331798822_8981048142798227713_n-300x225.jpg 300w, https:\/\/vecinosdelinterior.com\/wp-content\/uploads\/2026\/02\/640945808_780185331798822_8981048142798227713_n-768x576.jpg 768w, https:\/\/vecinosdelinterior.com\/wp-content\/uploads\/2026\/02\/640945808_780185331798822_8981048142798227713_n-750x563.jpg 750w, https:\/\/vecinosdelinterior.com\/wp-content\/uploads\/2026\/02\/640945808_780185331798822_8981048142798227713_n-1140x855.jpg 1140w, https:\/\/vecinosdelinterior.com\/wp-content\/uploads\/2026\/02\/640945808_780185331798822_8981048142798227713_n.jpg 1280w\" sizes=\"(max-width: 1024px) 100vw, 1024px\" \/><\/figure>\n","protected":false},"excerpt":{"rendered":"<p>VECINOSDELINTERIOR.COM \/ 24 DE FEBRERODesde el Destacamento 35\u00b0 de la UROP N\u00b0 6 informaron que este lunes 23 de febrero por la tarde, alrededor de las 19:00 horas, se produjo un accidente de tr\u00e1nsito en el kil\u00f3metro 46,5 de la ruta provincial 1, a la altura del paraje Palo Verde, entre las localidades de Papagayos [&hellip;]<\/p>\n","protected":false},"author":1,"featured_media":6467,"comment_status":"open","ping_status":"open","sticky":false,"template":"","format":"standard","meta":{"footnotes":""},"categories":[29,416],"tags":[],"class_list":["post-6466","post","type-post","status-publish","format-standard","has-post-thumbnail","hentry","category-chacabuco","category-papagayos"],"_links":{"self":[{"href":"https:\/\/vecinosdelinterior.com\/index.php\/wp-json\/wp\/v2\/posts\/6466","targetHints":{"allow":["GET"]}}],"collection":[{"href":"https:\/\/vecinosdelinterior.com\/index.php\/wp-json\/wp\/v2\/posts"}],"about":[{"href":"https:\/\/vecinosdelinterior.com\/index.php\/wp-json\/wp\/v2\/types\/post"}],"author":[{"embeddable":true,"href":"https:\/\/vecinosdelinterior.com\/index.php\/wp-json\/wp\/v2\/users\/1"}],"replies":[{"embeddable":true,"href":"https:\/\/vecinosdelinterior.com\/index.php\/wp-json\/wp\/v2\/comments?post=6466"}],"version-history":[{"count":1,"href":"https:\/\/vecinosdelinterior.com\/index.php\/wp-json\/wp\/v2\/posts\/6466\/revisions"}],"predecessor-version":[{"id":6468,"href":"https:\/\/vecinosdelinterior.com\/index.php\/wp-json\/wp\/v2\/posts\/6466\/revisions\/6468"}],"wp:featuredmedia":[{"embeddable":true,"href":"https:\/\/vecinosdelinterior.com\/index.php\/wp-json\/wp\/v2\/media\/6467"}],"wp:attachment":[{"href":"https:\/\/vecinosdelinterior.com\/index.php\/wp-json\/wp\/v2\/media?parent=6466"}],"wp:term":[{"taxonomy":"category","embeddable":true,"href":"https:\/\/vecinosdelinterior.com\/index.php\/wp-json\/wp\/v2\/categories?post=6466"},{"taxonomy":"post_tag","embeddable":true,"href":"https:\/\/vecinosdelinterior.com\/index.php\/wp-json\/wp\/v2\/tags?post=6466"}],"curies":[{"name":"wp","href":"https:\/\/api.w.org\/{rel}","templated":true}]}}