{"id":6479,"date":"2026-02-26T00:03:30","date_gmt":"2026-02-26T03:03:30","guid":{"rendered":"https:\/\/vecinosdelinterior.com\/?p=6479"},"modified":"2026-02-26T00:03:30","modified_gmt":"2026-02-26T03:03:30","slug":"un-hombre-y-una-mujer-resultaron-heridos-tras-el-vuelco-de-una-camioneta-en-la-ruta-nacional-147","status":"publish","type":"post","link":"https:\/\/vecinosdelinterior.com\/index.php\/2026\/02\/26\/un-hombre-y-una-mujer-resultaron-heridos-tras-el-vuelco-de-una-camioneta-en-la-ruta-nacional-147\/","title":{"rendered":"Un hombre y una mujer resultaron heridos tras el vuelco de una camioneta en la ruta nacional 147"},"content":{"rendered":"\n<p>Vecinos del Interior Puntano \/ 25 de febrero<br>Desde la Subcomisar\u00eda 5\u00b0 informaron que este mi\u00e9rcoles 25 de febrero al mediod\u00eda, alrededor de las 12:00, se produjo un accidente de tr\u00e1nsito a la altura del kil\u00f3metro 882 de la ruta nacional 147, a unos 15 kil\u00f3metros al norte del ingreso a la localidad de La Calera.<br>De acuerdo a las averiguaciones policiales, un hombre de 60 a\u00f1os de edad conduc\u00eda de sureste a noroeste una camioneta Chevrolet S10 en compa\u00f1\u00eda de su esposa de 62 a\u00f1os de edad (ambos con domicilio en la provincia de San Juan), y en ese sector -por razones que se tratan de establecer- perdi\u00f3 el control del veh\u00edculo, el cual despist\u00f3 y volc\u00f3 sobre la banquina.<br>A ra\u00edz del siniestro vial, el hombre y la mujer sufrieron politraumatismos, por lo que fueron asistidos en el lugar por personal del sistema de salud p\u00fablica provincial y seguidamente fueron trasladados en ambulancia hacia el Hospital Central \u201cDr. Ram\u00f3n Carrillo\u201d de la ciudad de San Luis para recibir atenci\u00f3n m\u00e9dica m\u00e1s compleja.<\/p>\n","protected":false},"excerpt":{"rendered":"<p>Vecinos del Interior Puntano \/ 25 de febreroDesde la Subcomisar\u00eda 5\u00b0 informaron que este mi\u00e9rcoles 25 de febrero al mediod\u00eda, alrededor de las 12:00, se produjo un accidente de tr\u00e1nsito a la altura del kil\u00f3metro 882 de la ruta nacional 147, a unos 15 kil\u00f3metros al norte del ingreso a la localidad de La Calera.De [&hellip;]<\/p>\n","protected":false},"author":1,"featured_media":6480,"comment_status":"open","ping_status":"open","sticky":false,"template":"","format":"standard","meta":{"footnotes":""},"categories":[92,294],"tags":[],"class_list":["post-6479","post","type-post","status-publish","format-standard","has-post-thumbnail","hentry","category-belgrano","category-la-calera"],"_links":{"self":[{"href":"https:\/\/vecinosdelinterior.com\/index.php\/wp-json\/wp\/v2\/posts\/6479","targetHints":{"allow":["GET"]}}],"collection":[{"href":"https:\/\/vecinosdelinterior.com\/index.php\/wp-json\/wp\/v2\/posts"}],"about":[{"href":"https:\/\/vecinosdelinterior.com\/index.php\/wp-json\/wp\/v2\/types\/post"}],"author":[{"embeddable":true,"href":"https:\/\/vecinosdelinterior.com\/index.php\/wp-json\/wp\/v2\/users\/1"}],"replies":[{"embeddable":true,"href":"https:\/\/vecinosdelinterior.com\/index.php\/wp-json\/wp\/v2\/comments?post=6479"}],"version-history":[{"count":1,"href":"https:\/\/vecinosdelinterior.com\/index.php\/wp-json\/wp\/v2\/posts\/6479\/revisions"}],"predecessor-version":[{"id":6481,"href":"https:\/\/vecinosdelinterior.com\/index.php\/wp-json\/wp\/v2\/posts\/6479\/revisions\/6481"}],"wp:featuredmedia":[{"embeddable":true,"href":"https:\/\/vecinosdelinterior.com\/index.php\/wp-json\/wp\/v2\/media\/6480"}],"wp:attachment":[{"href":"https:\/\/vecinosdelinterior.com\/index.php\/wp-json\/wp\/v2\/media?parent=6479"}],"wp:term":[{"taxonomy":"category","embeddable":true,"href":"https:\/\/vecinosdelinterior.com\/index.php\/wp-json\/wp\/v2\/categories?post=6479"},{"taxonomy":"post_tag","embeddable":true,"href":"https:\/\/vecinosdelinterior.com\/index.php\/wp-json\/wp\/v2\/tags?post=6479"}],"curies":[{"name":"wp","href":"https:\/\/api.w.org\/{rel}","templated":true}]}}