{"id":6482,"date":"2026-02-26T22:03:56","date_gmt":"2026-02-27T01:03:56","guid":{"rendered":"https:\/\/vecinosdelinterior.com\/?p=6482"},"modified":"2026-02-26T22:03:57","modified_gmt":"2026-02-27T01:03:57","slug":"lluvia-y-granizo-en-la-toma","status":"publish","type":"post","link":"https:\/\/vecinosdelinterior.com\/index.php\/2026\/02\/26\/lluvia-y-granizo-en-la-toma\/","title":{"rendered":"Lluvia y granizo en La Toma"},"content":{"rendered":"\n<p>VECINOSDELINTERIOR.COM \/ 26 DE FEBRERO<br>Gran cantidad de lluvia en La Toma aneg\u00f3 varias calles. Tambi\u00e9n cay\u00f3 granizo, no de gran proporci\u00f3n pero si en cantidad.<\/p>\n\n\n\n<figure class=\"wp-block-image size-full\"><a href=\"https:\/\/www.facebook.com\/100094220874529\/videos\/pcb.782254001591955\/2518428455264327\"><img fetchpriority=\"high\" decoding=\"async\" width=\"816\" height=\"411\" src=\"https:\/\/vecinosdelinterior.com\/wp-content\/uploads\/2026\/02\/26-2-2026-22-02-24.png\" alt=\"\" class=\"wp-image-6483\" srcset=\"https:\/\/vecinosdelinterior.com\/wp-content\/uploads\/2026\/02\/26-2-2026-22-02-24.png 816w, https:\/\/vecinosdelinterior.com\/wp-content\/uploads\/2026\/02\/26-2-2026-22-02-24-300x151.png 300w, https:\/\/vecinosdelinterior.com\/wp-content\/uploads\/2026\/02\/26-2-2026-22-02-24-768x387.png 768w, https:\/\/vecinosdelinterior.com\/wp-content\/uploads\/2026\/02\/26-2-2026-22-02-24-360x180.png 360w, https:\/\/vecinosdelinterior.com\/wp-content\/uploads\/2026\/02\/26-2-2026-22-02-24-750x378.png 750w\" sizes=\"(max-width: 816px) 100vw, 816px\" \/><\/a><\/figure>\n","protected":false},"excerpt":{"rendered":"<p>VECINOSDELINTERIOR.COM \/ 26 DE FEBREROGran cantidad de lluvia en La Toma aneg\u00f3 varias calles. Tambi\u00e9n cay\u00f3 granizo, no de gran proporci\u00f3n pero si en cantidad.<\/p>\n","protected":false},"author":1,"featured_media":6483,"comment_status":"open","ping_status":"open","sticky":false,"template":"","format":"standard","meta":{"footnotes":""},"categories":[3,2],"tags":[],"class_list":["post-6482","post","type-post","status-publish","format-standard","has-post-thumbnail","hentry","category-la-toma","category-pringles"],"_links":{"self":[{"href":"https:\/\/vecinosdelinterior.com\/index.php\/wp-json\/wp\/v2\/posts\/6482","targetHints":{"allow":["GET"]}}],"collection":[{"href":"https:\/\/vecinosdelinterior.com\/index.php\/wp-json\/wp\/v2\/posts"}],"about":[{"href":"https:\/\/vecinosdelinterior.com\/index.php\/wp-json\/wp\/v2\/types\/post"}],"author":[{"embeddable":true,"href":"https:\/\/vecinosdelinterior.com\/index.php\/wp-json\/wp\/v2\/users\/1"}],"replies":[{"embeddable":true,"href":"https:\/\/vecinosdelinterior.com\/index.php\/wp-json\/wp\/v2\/comments?post=6482"}],"version-history":[{"count":1,"href":"https:\/\/vecinosdelinterior.com\/index.php\/wp-json\/wp\/v2\/posts\/6482\/revisions"}],"predecessor-version":[{"id":6484,"href":"https:\/\/vecinosdelinterior.com\/index.php\/wp-json\/wp\/v2\/posts\/6482\/revisions\/6484"}],"wp:featuredmedia":[{"embeddable":true,"href":"https:\/\/vecinosdelinterior.com\/index.php\/wp-json\/wp\/v2\/media\/6483"}],"wp:attachment":[{"href":"https:\/\/vecinosdelinterior.com\/index.php\/wp-json\/wp\/v2\/media?parent=6482"}],"wp:term":[{"taxonomy":"category","embeddable":true,"href":"https:\/\/vecinosdelinterior.com\/index.php\/wp-json\/wp\/v2\/categories?post=6482"},{"taxonomy":"post_tag","embeddable":true,"href":"https:\/\/vecinosdelinterior.com\/index.php\/wp-json\/wp\/v2\/tags?post=6482"}],"curies":[{"name":"wp","href":"https:\/\/api.w.org\/{rel}","templated":true}]}}