{"id":6496,"date":"2026-02-27T12:54:15","date_gmt":"2026-02-27T15:54:15","guid":{"rendered":"https:\/\/vecinosdelinterior.com\/?p=6496"},"modified":"2026-02-27T12:54:15","modified_gmt":"2026-02-27T15:54:15","slug":"avanza-la-regulacion-de-la-carteleria-publicitaria-en-las-rutas-provinciales","status":"publish","type":"post","link":"https:\/\/vecinosdelinterior.com\/index.php\/2026\/02\/27\/avanza-la-regulacion-de-la-carteleria-publicitaria-en-las-rutas-provinciales\/","title":{"rendered":"Avanza la regulaci\u00f3n de la carteler\u00eda publicitaria en las rutas provinciales"},"content":{"rendered":"\n<p><\/p>\n\n\n\n<p>La medida apunta a garantizar condiciones de seguridad vial. Se realizan relevamientos permanentes para controlar el estado de las piezas y evitar la proliferaci\u00f3n de estructuras que pueden generar saturaci\u00f3n visual.<\/p>\n\n\n\n<p>Los relevadores no solo identifican los carteles en infracci\u00f3n o mal colocados; tambi\u00e9n los que est\u00e1n deteriorados e implican un riesgo potencial para los conductores.<br>El Ente de Control de Rutas contin\u00faa con los operativos integrales de relevamiento, regularizaci\u00f3n y ordenamiento de la carteler\u00eda publicitaria instalada a la vera de las trazas provinciales con el objetivo de fortalecer la seguridad vial y mejorar las condiciones de circulaci\u00f3n.<\/p>\n\n\n\n<figure class=\"wp-block-gallery has-nested-images columns-default is-cropped wp-block-gallery-1 is-layout-flex wp-block-gallery-is-layout-flex\">\n<figure class=\"wp-block-image size-large\"><img fetchpriority=\"high\" decoding=\"async\" width=\"1024\" height=\"680\" data-id=\"6498\" src=\"https:\/\/vecinosdelinterior.com\/wp-content\/uploads\/2026\/02\/IMG_3401-2048x1360-1-1024x680.jpg\" alt=\"\" class=\"wp-image-6498\" srcset=\"https:\/\/vecinosdelinterior.com\/wp-content\/uploads\/2026\/02\/IMG_3401-2048x1360-1-1024x680.jpg 1024w, https:\/\/vecinosdelinterior.com\/wp-content\/uploads\/2026\/02\/IMG_3401-2048x1360-1-300x199.jpg 300w, https:\/\/vecinosdelinterior.com\/wp-content\/uploads\/2026\/02\/IMG_3401-2048x1360-1-768x510.jpg 768w, https:\/\/vecinosdelinterior.com\/wp-content\/uploads\/2026\/02\/IMG_3401-2048x1360-1-1536x1020.jpg 1536w, https:\/\/vecinosdelinterior.com\/wp-content\/uploads\/2026\/02\/IMG_3401-2048x1360-1-750x498.jpg 750w, https:\/\/vecinosdelinterior.com\/wp-content\/uploads\/2026\/02\/IMG_3401-2048x1360-1-1140x757.jpg 1140w, https:\/\/vecinosdelinterior.com\/wp-content\/uploads\/2026\/02\/IMG_3401-2048x1360-1.jpg 2048w\" sizes=\"(max-width: 1024px) 100vw, 1024px\" \/><\/figure>\n\n\n\n<figure class=\"wp-block-image size-large\"><img decoding=\"async\" width=\"500\" height=\"412\" data-id=\"6497\" src=\"https:\/\/vecinosdelinterior.com\/wp-content\/uploads\/2026\/02\/IMG_3443-500x412-1.jpg\" alt=\"\" class=\"wp-image-6497\" srcset=\"https:\/\/vecinosdelinterior.com\/wp-content\/uploads\/2026\/02\/IMG_3443-500x412-1.jpg 500w, https:\/\/vecinosdelinterior.com\/wp-content\/uploads\/2026\/02\/IMG_3443-500x412-1-300x247.jpg 300w\" sizes=\"(max-width: 500px) 100vw, 500px\" \/><\/figure>\n<\/figure>\n\n\n\n<p>Desde el organismo explicaron que se detect\u00f3 una proliferaci\u00f3n desordenada de estructuras publicitarias y se\u00f1al\u00e9tica comercial en distintos sectores, lo que ha derivado en contaminaci\u00f3n visual y en un riesgo potencial. La acumulaci\u00f3n excesiva de carteles, especialmente en zonas de curvas, accesos, intersecciones y sectores con visibilidad reducida, puede afectar el tiempo de reacci\u00f3n y la atenci\u00f3n necesaria para una conducci\u00f3n segura. Diversos estudios en materia de seguridad vial se\u00f1alan que la sobre estimulaci\u00f3n visual constituye un factor de riesgo en entornos de circulaci\u00f3n vehicular. A esto se suma que, en varios casos, las piezas presentan un marcado deterioro.<\/p>\n\n\n\n<p>Para regularizar la situaci\u00f3n, cuadrillas del Ente trabajan en la identificaci\u00f3n de las estructuras que se ajusten a las condiciones de seguridad vial y realizan la evaluaci\u00f3n t\u00e9cnica de su estabilidad y estado general. Adem\u00e1s, se intima al retiro de la carteler\u00eda emplazada en sectores no permitidos y se promueve su regularizaci\u00f3n administrativa. Asimismo, se verifica el cumplimiento de las condiciones t\u00e9cnicas, el mantenimiento y la contrataci\u00f3n del seguro obligatorio.<\/p>\n\n\n\n<p>Reglas claras y orden<\/p>\n\n\n\n<p>El Ente precis\u00f3 que la finalidad es establecer reglas claras, uniformes y sostenidas en el tiempo. Toda carteler\u00eda visible desde rutas provinciales debe cumplir par\u00e1metros t\u00e9cnicos vinculados a distancia, ubicaci\u00f3n, estabilidad estructural y responsabilidad civil, garantizando que no interfiera con la se\u00f1alizaci\u00f3n vial reglamentaria ni con las condiciones de seguridad, a fin de proteger la integridad de conductores, peatones y vecinos.<\/p>\n\n\n\n<p>Los operativos de control se realizan de manera progresiva, por sectores, priorizando los puntos de mayor circulaci\u00f3n y complejidad t\u00e9cnica. Adem\u00e1s, se mantiene un di\u00e1logo permanente con comerciantes y frentistas, brindando asesoramiento para la adecuaci\u00f3n o relocalizaci\u00f3n cuando resulte necesario.<\/p>\n","protected":false},"excerpt":{"rendered":"<p>La medida apunta a garantizar condiciones de seguridad vial. Se realizan relevamientos permanentes para controlar el estado de las piezas y evitar la proliferaci\u00f3n de estructuras que pueden generar saturaci\u00f3n visual. Los relevadores no solo identifican los carteles en infracci\u00f3n o mal colocados; tambi\u00e9n los que est\u00e1n deteriorados e implican un riesgo potencial para los [&hellip;]<\/p>\n","protected":false},"author":1,"featured_media":6497,"comment_status":"open","ping_status":"open","sticky":false,"template":"","format":"standard","meta":{"footnotes":""},"categories":[80],"tags":[],"class_list":["post-6496","post","type-post","status-publish","format-standard","has-post-thumbnail","hentry","category-general"],"_links":{"self":[{"href":"https:\/\/vecinosdelinterior.com\/index.php\/wp-json\/wp\/v2\/posts\/6496","targetHints":{"allow":["GET"]}}],"collection":[{"href":"https:\/\/vecinosdelinterior.com\/index.php\/wp-json\/wp\/v2\/posts"}],"about":[{"href":"https:\/\/vecinosdelinterior.com\/index.php\/wp-json\/wp\/v2\/types\/post"}],"author":[{"embeddable":true,"href":"https:\/\/vecinosdelinterior.com\/index.php\/wp-json\/wp\/v2\/users\/1"}],"replies":[{"embeddable":true,"href":"https:\/\/vecinosdelinterior.com\/index.php\/wp-json\/wp\/v2\/comments?post=6496"}],"version-history":[{"count":1,"href":"https:\/\/vecinosdelinterior.com\/index.php\/wp-json\/wp\/v2\/posts\/6496\/revisions"}],"predecessor-version":[{"id":6499,"href":"https:\/\/vecinosdelinterior.com\/index.php\/wp-json\/wp\/v2\/posts\/6496\/revisions\/6499"}],"wp:featuredmedia":[{"embeddable":true,"href":"https:\/\/vecinosdelinterior.com\/index.php\/wp-json\/wp\/v2\/media\/6497"}],"wp:attachment":[{"href":"https:\/\/vecinosdelinterior.com\/index.php\/wp-json\/wp\/v2\/media?parent=6496"}],"wp:term":[{"taxonomy":"category","embeddable":true,"href":"https:\/\/vecinosdelinterior.com\/index.php\/wp-json\/wp\/v2\/categories?post=6496"},{"taxonomy":"post_tag","embeddable":true,"href":"https:\/\/vecinosdelinterior.com\/index.php\/wp-json\/wp\/v2\/tags?post=6496"}],"curies":[{"name":"wp","href":"https:\/\/api.w.org\/{rel}","templated":true}]}}