{"id":650,"date":"2023-09-08T19:10:15","date_gmt":"2023-09-08T22:10:15","guid":{"rendered":"https:\/\/vecinosdelinterior.com\/?p=650"},"modified":"2023-09-08T19:10:16","modified_gmt":"2023-09-08T22:10:16","slug":"en-el-teatro-la-nueva-propuesta-del-centro-cultural-san-francisco","status":"publish","type":"post","link":"https:\/\/vecinosdelinterior.com\/index.php\/2023\/09\/08\/en-el-teatro-la-nueva-propuesta-del-centro-cultural-san-francisco\/","title":{"rendered":"\u201cEn el teatro\u201d, la nueva propuesta del Centro Cultural San Francisco"},"content":{"rendered":"\n<p><\/p>\n\n\n\n<p>En el episodio, que se transmitir\u00e1 este viernes 8 de septiembre, a las 21:00, por las redes sociales de la casa cultural, se presentar\u00e1 \u201cDesfasados\u201d, un grupo del norte provincial que hace folclore. Los m\u00fasicos han realizado presentaciones en escenarios dentro y fuera de San Luis. La conducci\u00f3n estar\u00e1 a cargo de Roberto \u201cNapo\u201d Amieva.<\/p>\n\n\n\n<figure class=\"wp-block-gallery has-nested-images columns-default is-cropped wp-block-gallery-1 is-layout-flex wp-block-gallery-is-layout-flex\">\n<figure class=\"wp-block-image size-large\"><img fetchpriority=\"high\" decoding=\"async\" width=\"1024\" height=\"682\" data-id=\"651\" src=\"https:\/\/vecinosdelinterior.com\/wp-content\/uploads\/2023\/09\/EN-EL-TEATRO-2.jpeg\" alt=\"\" class=\"wp-image-651\" srcset=\"https:\/\/vecinosdelinterior.com\/wp-content\/uploads\/2023\/09\/EN-EL-TEATRO-2.jpeg 1024w, https:\/\/vecinosdelinterior.com\/wp-content\/uploads\/2023\/09\/EN-EL-TEATRO-2-300x200.jpeg 300w, https:\/\/vecinosdelinterior.com\/wp-content\/uploads\/2023\/09\/EN-EL-TEATRO-2-768x512.jpeg 768w, https:\/\/vecinosdelinterior.com\/wp-content\/uploads\/2023\/09\/EN-EL-TEATRO-2-750x500.jpeg 750w\" sizes=\"(max-width: 1024px) 100vw, 1024px\" \/><\/figure>\n\n\n\n<figure class=\"wp-block-image size-large\"><img decoding=\"async\" width=\"1024\" height=\"576\" data-id=\"652\" src=\"https:\/\/vecinosdelinterior.com\/wp-content\/uploads\/2023\/09\/EN-EL-TEATRO-1.jpeg\" alt=\"\" class=\"wp-image-652\" srcset=\"https:\/\/vecinosdelinterior.com\/wp-content\/uploads\/2023\/09\/EN-EL-TEATRO-1.jpeg 1024w, https:\/\/vecinosdelinterior.com\/wp-content\/uploads\/2023\/09\/EN-EL-TEATRO-1-300x169.jpeg 300w, https:\/\/vecinosdelinterior.com\/wp-content\/uploads\/2023\/09\/EN-EL-TEATRO-1-768x432.jpeg 768w, https:\/\/vecinosdelinterior.com\/wp-content\/uploads\/2023\/09\/EN-EL-TEATRO-1-750x422.jpeg 750w\" sizes=\"(max-width: 1024px) 100vw, 1024px\" \/><\/figure>\n<\/figure>\n\n\n\n<p>\u201cEn el teatro\u201d es la nueva iniciativa audiovisual que impulsa la Secretar\u00eda de Cultura, a trav\u00e9s del Centro Cultural de San Francisco del Monte de Oro, destinado a la comunidad de artistas del norte de San Luis, para que tengan un nuevo espacio para difundir su material y darse a conocer de forma virtual.<\/p>\n\n\n\n<p>En esta nueva entrega estar\u00e1 el grupo \u201cDesfasados\u201d, que surgi\u00f3 con su primera formaci\u00f3n en 2007 y por la agrupaci\u00f3n pasaron varios amigos que aportaron su granito de arena. Despu\u00e9s de varios intentos para reagruparse, con pandemia de por medio, lograron conformar el grupo en 2021 y desde entonces han participado en varios eventos como el Festival del Mel\u00f3n, Fiesta de la Naranja, Festival del Labrador, Festival del Hachero, Pre festival del M\u00e1rmol, Pre festival de las Chacras, entre otros.<\/p>\n\n\n\n<p>Actualmente est\u00e1 integrado por Jos\u00e9 Maldonado y Mario Reynoso en la voz; Juan \u00c1ngel Ag\u00fcero y Cristian Ceballes en guitarra; Cesar Morales en bajo y Juan Pablo Ag\u00fcero en bater\u00eda. \u201cEsta es una experiencia hermosa, nos sentimos c\u00f3modos realizando esta participaci\u00f3n, el teatro es un espacio importante para los artistas de la regi\u00f3n y que podamos mostrar lo que hacemos es enriquecedor para nosotros\u201d, remarc\u00f3 Juan \u00c1ngel Ag\u00fcero.<\/p>\n","protected":false},"excerpt":{"rendered":"<p>En el episodio, que se transmitir\u00e1 este viernes 8 de septiembre, a las 21:00, por las redes sociales de la casa cultural, se presentar\u00e1 \u201cDesfasados\u201d, un grupo del norte provincial que hace folclore. Los m\u00fasicos han realizado presentaciones en escenarios dentro y fuera de San Luis. La conducci\u00f3n estar\u00e1 a cargo de Roberto \u201cNapo\u201d Amieva. [&hellip;]<\/p>\n","protected":false},"author":1,"featured_media":652,"comment_status":"open","ping_status":"open","sticky":false,"template":"","format":"standard","meta":{"footnotes":""},"categories":[8,9],"tags":[11,28],"class_list":["post-650","post","type-post","status-publish","format-standard","has-post-thumbnail","hentry","category-ayacucho","category-san-francisco","tag-san-francisco","tag-teatro"],"_links":{"self":[{"href":"https:\/\/vecinosdelinterior.com\/index.php\/wp-json\/wp\/v2\/posts\/650","targetHints":{"allow":["GET"]}}],"collection":[{"href":"https:\/\/vecinosdelinterior.com\/index.php\/wp-json\/wp\/v2\/posts"}],"about":[{"href":"https:\/\/vecinosdelinterior.com\/index.php\/wp-json\/wp\/v2\/types\/post"}],"author":[{"embeddable":true,"href":"https:\/\/vecinosdelinterior.com\/index.php\/wp-json\/wp\/v2\/users\/1"}],"replies":[{"embeddable":true,"href":"https:\/\/vecinosdelinterior.com\/index.php\/wp-json\/wp\/v2\/comments?post=650"}],"version-history":[{"count":1,"href":"https:\/\/vecinosdelinterior.com\/index.php\/wp-json\/wp\/v2\/posts\/650\/revisions"}],"predecessor-version":[{"id":653,"href":"https:\/\/vecinosdelinterior.com\/index.php\/wp-json\/wp\/v2\/posts\/650\/revisions\/653"}],"wp:featuredmedia":[{"embeddable":true,"href":"https:\/\/vecinosdelinterior.com\/index.php\/wp-json\/wp\/v2\/media\/652"}],"wp:attachment":[{"href":"https:\/\/vecinosdelinterior.com\/index.php\/wp-json\/wp\/v2\/media?parent=650"}],"wp:term":[{"taxonomy":"category","embeddable":true,"href":"https:\/\/vecinosdelinterior.com\/index.php\/wp-json\/wp\/v2\/categories?post=650"},{"taxonomy":"post_tag","embeddable":true,"href":"https:\/\/vecinosdelinterior.com\/index.php\/wp-json\/wp\/v2\/tags?post=650"}],"curies":[{"name":"wp","href":"https:\/\/api.w.org\/{rel}","templated":true}]}}