{"id":6501,"date":"2026-03-01T11:20:57","date_gmt":"2026-03-01T14:20:57","guid":{"rendered":"https:\/\/vecinosdelinterior.com\/?p=6501"},"modified":"2026-03-01T11:20:57","modified_gmt":"2026-03-01T14:20:57","slug":"san-francisco-realizara-una-muestra-fotografica-de-rosenda-quiroga","status":"publish","type":"post","link":"https:\/\/vecinosdelinterior.com\/index.php\/2026\/03\/01\/san-francisco-realizara-una-muestra-fotografica-de-rosenda-quiroga\/","title":{"rendered":"San Francisco realizar\u00e1 una muestra fotogr\u00e1fica de Rosenda Quiroga"},"content":{"rendered":"\n<p>VECINOSDELINTERIOR.COM \/ 01 DE MARZO<br>En el marco del 157\u00b0 aniversario del natalicio de Rosenda Quiroga, se inaugurar\u00e1 la muestra fotogr\u00e1fica \u201cRosenda Quiroga (1869\u20131931). Vocaci\u00f3n y legado\u201d, una propuesta que invita a la comunidad a conocer y valorar la vida y trayectoria de esta destacada educadora sanfrancisque\u00f1a. La iniciativa busca rescatar su aporte a la educaci\u00f3n y mantener vigente su legado en la historia local.<br>La exposici\u00f3n abrir\u00e1 sus puertas este 1\u00b0 de marzo y podr\u00e1 visitarse hasta el 8 de marzo inclusive, fecha que adem\u00e1s propone una reflexi\u00f3n sobre el rol de las mujeres en la construcci\u00f3n de la historia educativa. La muestra estar\u00e1 disponible de 9:00 a 12:00 y de 17:00 a 20:00 en la Casa Museo Rosenda Quiroga, ubicada en Coronel Concha s\/n, en San Francisco del Monte de Oro.<\/p>\n\n\n\n<figure class=\"wp-block-image size-large\"><img fetchpriority=\"high\" decoding=\"async\" width=\"768\" height=\"1024\" src=\"https:\/\/vecinosdelinterior.com\/wp-content\/uploads\/2026\/03\/639769353_17945959662114861_6758825978706288671_n-768x1024.jpg\" alt=\"\" class=\"wp-image-6502\" srcset=\"https:\/\/vecinosdelinterior.com\/wp-content\/uploads\/2026\/03\/639769353_17945959662114861_6758825978706288671_n-768x1023.jpg 768w, https:\/\/vecinosdelinterior.com\/wp-content\/uploads\/2026\/03\/639769353_17945959662114861_6758825978706288671_n-225x300.jpg 225w, https:\/\/vecinosdelinterior.com\/wp-content\/uploads\/2026\/03\/639769353_17945959662114861_6758825978706288671_n-1153x1536.jpg 1153w, https:\/\/vecinosdelinterior.com\/wp-content\/uploads\/2026\/03\/639769353_17945959662114861_6758825978706288671_n-750x999.jpg 750w, https:\/\/vecinosdelinterior.com\/wp-content\/uploads\/2026\/03\/639769353_17945959662114861_6758825978706288671_n-1140x1519.jpg 1140w, https:\/\/vecinosdelinterior.com\/wp-content\/uploads\/2026\/03\/639769353_17945959662114861_6758825978706288671_n.jpg 1440w\" sizes=\"(max-width: 768px) 100vw, 768px\" \/><\/figure>\n","protected":false},"excerpt":{"rendered":"<p>VECINOSDELINTERIOR.COM \/ 01 DE MARZOEn el marco del 157\u00b0 aniversario del natalicio de Rosenda Quiroga, se inaugurar\u00e1 la muestra fotogr\u00e1fica \u201cRosenda Quiroga (1869\u20131931). Vocaci\u00f3n y legado\u201d, una propuesta que invita a la comunidad a conocer y valorar la vida y trayectoria de esta destacada educadora sanfrancisque\u00f1a. La iniciativa busca rescatar su aporte a la educaci\u00f3n [&hellip;]<\/p>\n","protected":false},"author":1,"featured_media":6502,"comment_status":"open","ping_status":"open","sticky":false,"template":"","format":"standard","meta":{"footnotes":""},"categories":[8,9],"tags":[],"class_list":["post-6501","post","type-post","status-publish","format-standard","has-post-thumbnail","hentry","category-ayacucho","category-san-francisco"],"_links":{"self":[{"href":"https:\/\/vecinosdelinterior.com\/index.php\/wp-json\/wp\/v2\/posts\/6501","targetHints":{"allow":["GET"]}}],"collection":[{"href":"https:\/\/vecinosdelinterior.com\/index.php\/wp-json\/wp\/v2\/posts"}],"about":[{"href":"https:\/\/vecinosdelinterior.com\/index.php\/wp-json\/wp\/v2\/types\/post"}],"author":[{"embeddable":true,"href":"https:\/\/vecinosdelinterior.com\/index.php\/wp-json\/wp\/v2\/users\/1"}],"replies":[{"embeddable":true,"href":"https:\/\/vecinosdelinterior.com\/index.php\/wp-json\/wp\/v2\/comments?post=6501"}],"version-history":[{"count":1,"href":"https:\/\/vecinosdelinterior.com\/index.php\/wp-json\/wp\/v2\/posts\/6501\/revisions"}],"predecessor-version":[{"id":6503,"href":"https:\/\/vecinosdelinterior.com\/index.php\/wp-json\/wp\/v2\/posts\/6501\/revisions\/6503"}],"wp:featuredmedia":[{"embeddable":true,"href":"https:\/\/vecinosdelinterior.com\/index.php\/wp-json\/wp\/v2\/media\/6502"}],"wp:attachment":[{"href":"https:\/\/vecinosdelinterior.com\/index.php\/wp-json\/wp\/v2\/media?parent=6501"}],"wp:term":[{"taxonomy":"category","embeddable":true,"href":"https:\/\/vecinosdelinterior.com\/index.php\/wp-json\/wp\/v2\/categories?post=6501"},{"taxonomy":"post_tag","embeddable":true,"href":"https:\/\/vecinosdelinterior.com\/index.php\/wp-json\/wp\/v2\/tags?post=6501"}],"curies":[{"name":"wp","href":"https:\/\/api.w.org\/{rel}","templated":true}]}}