{"id":6504,"date":"2026-03-01T11:21:51","date_gmt":"2026-03-01T14:21:51","guid":{"rendered":"https:\/\/vecinosdelinterior.com\/?p=6504"},"modified":"2026-03-01T11:21:51","modified_gmt":"2026-03-01T14:21:51","slug":"tilisarao-y-un-cierre-de-lujo-para-domingos-en-la-plaza-y-un-original-concurso","status":"publish","type":"post","link":"https:\/\/vecinosdelinterior.com\/index.php\/2026\/03\/01\/tilisarao-y-un-cierre-de-lujo-para-domingos-en-la-plaza-y-un-original-concurso\/","title":{"rendered":"Tilisarao, y un cierre de lujo para \u00abDomingos en la Plaza\u00bb y un original concurso"},"content":{"rendered":"\n<p>VECINOSDELINTERIOR.COM \/ 01 DE MARZO<br>La Municipalidad de Tilisarao anunci\u00f3 el gran cierre de \u201cDomingos en la Plaza\u201d, una propuesta que durante semanas reuni\u00f3 a vecinos y visitantes en el principal espacio p\u00fablico de la ciudad. La jornada final promete una verdadera fiesta popular, con el bailable folcl\u00f3rico de Clandestino Chamam\u00e9 y todo el ritmo de la cumbia y el cuarteto de Luciano Nieto, en un evento que busca \u201creventar\u201d la plaza m\u00e1s linda de esta ciudad moderna y tur\u00edstica.<\/p>\n\n\n\n<figure class=\"wp-block-image size-large\"><img fetchpriority=\"high\" decoding=\"async\" width=\"820\" height=\"1024\" src=\"https:\/\/vecinosdelinterior.com\/wp-content\/uploads\/2026\/03\/641424092_18428085028140267_5817111256502139227_n-820x1024.jpg\" alt=\"\" class=\"wp-image-6505\" srcset=\"https:\/\/vecinosdelinterior.com\/wp-content\/uploads\/2026\/03\/641424092_18428085028140267_5817111256502139227_n-820x1024.jpg 820w, https:\/\/vecinosdelinterior.com\/wp-content\/uploads\/2026\/03\/641424092_18428085028140267_5817111256502139227_n-240x300.jpg 240w, https:\/\/vecinosdelinterior.com\/wp-content\/uploads\/2026\/03\/641424092_18428085028140267_5817111256502139227_n-768x959.jpg 768w, https:\/\/vecinosdelinterior.com\/wp-content\/uploads\/2026\/03\/641424092_18428085028140267_5817111256502139227_n-1230x1536.jpg 1230w, https:\/\/vecinosdelinterior.com\/wp-content\/uploads\/2026\/03\/641424092_18428085028140267_5817111256502139227_n-750x936.jpg 750w, https:\/\/vecinosdelinterior.com\/wp-content\/uploads\/2026\/03\/641424092_18428085028140267_5817111256502139227_n-1140x1423.jpg 1140w, https:\/\/vecinosdelinterior.com\/wp-content\/uploads\/2026\/03\/641424092_18428085028140267_5817111256502139227_n.jpg 1440w\" sizes=\"(max-width: 820px) 100vw, 820px\" \/><\/figure>\n\n\n\n<p><br>Adem\u00e1s, como agradecimiento por haber alcanzado los 10 mil seguidores en Instagram, el municipio lanz\u00f3 un juego con premios sorpresa. La consigna es sencilla: adivinar cu\u00e1ntas reposeras habr\u00e1 este domingo en la plaza y mencionar en los comentarios a ese amigo que no puede faltar. Cada participante tendr\u00e1 una sola oportunidad y habr\u00e1 premio para las cinco personas que m\u00e1s se aproximen al n\u00famero correcto.<\/p>\n","protected":false},"excerpt":{"rendered":"<p>VECINOSDELINTERIOR.COM \/ 01 DE MARZOLa Municipalidad de Tilisarao anunci\u00f3 el gran cierre de \u201cDomingos en la Plaza\u201d, una propuesta que durante semanas reuni\u00f3 a vecinos y visitantes en el principal espacio p\u00fablico de la ciudad. La jornada final promete una verdadera fiesta popular, con el bailable folcl\u00f3rico de Clandestino Chamam\u00e9 y todo el ritmo de [&hellip;]<\/p>\n","protected":false},"author":1,"featured_media":6505,"comment_status":"open","ping_status":"open","sticky":false,"template":"","format":"standard","meta":{"footnotes":""},"categories":[29,30],"tags":[177],"class_list":["post-6504","post","type-post","status-publish","format-standard","has-post-thumbnail","hentry","category-chacabuco","category-tilisarao","tag-gestiones-destacadas"],"_links":{"self":[{"href":"https:\/\/vecinosdelinterior.com\/index.php\/wp-json\/wp\/v2\/posts\/6504","targetHints":{"allow":["GET"]}}],"collection":[{"href":"https:\/\/vecinosdelinterior.com\/index.php\/wp-json\/wp\/v2\/posts"}],"about":[{"href":"https:\/\/vecinosdelinterior.com\/index.php\/wp-json\/wp\/v2\/types\/post"}],"author":[{"embeddable":true,"href":"https:\/\/vecinosdelinterior.com\/index.php\/wp-json\/wp\/v2\/users\/1"}],"replies":[{"embeddable":true,"href":"https:\/\/vecinosdelinterior.com\/index.php\/wp-json\/wp\/v2\/comments?post=6504"}],"version-history":[{"count":1,"href":"https:\/\/vecinosdelinterior.com\/index.php\/wp-json\/wp\/v2\/posts\/6504\/revisions"}],"predecessor-version":[{"id":6506,"href":"https:\/\/vecinosdelinterior.com\/index.php\/wp-json\/wp\/v2\/posts\/6504\/revisions\/6506"}],"wp:featuredmedia":[{"embeddable":true,"href":"https:\/\/vecinosdelinterior.com\/index.php\/wp-json\/wp\/v2\/media\/6505"}],"wp:attachment":[{"href":"https:\/\/vecinosdelinterior.com\/index.php\/wp-json\/wp\/v2\/media?parent=6504"}],"wp:term":[{"taxonomy":"category","embeddable":true,"href":"https:\/\/vecinosdelinterior.com\/index.php\/wp-json\/wp\/v2\/categories?post=6504"},{"taxonomy":"post_tag","embeddable":true,"href":"https:\/\/vecinosdelinterior.com\/index.php\/wp-json\/wp\/v2\/tags?post=6504"}],"curies":[{"name":"wp","href":"https:\/\/api.w.org\/{rel}","templated":true}]}}