{"id":6507,"date":"2026-02-28T11:23:00","date_gmt":"2026-02-28T14:23:00","guid":{"rendered":"https:\/\/vecinosdelinterior.com\/?p=6507"},"modified":"2026-03-01T11:23:20","modified_gmt":"2026-03-01T14:23:20","slug":"sofocaron-un-incendio-vehicular-y-de-malezas-sobre-la-ruta-nacional-146","status":"publish","type":"post","link":"https:\/\/vecinosdelinterior.com\/index.php\/2026\/02\/28\/sofocaron-un-incendio-vehicular-y-de-malezas-sobre-la-ruta-nacional-146\/","title":{"rendered":"Sofocaron un incendio vehicular y de malezas sobre la ruta nacional 146"},"content":{"rendered":"\n<p>vecinosdelinterior.com \/ 28 de febrero<br>Efectivos de la Divisi\u00f3n Cuartel 5 de la Direcci\u00f3n General de Bomberos de la Polic\u00eda intervinieron este viernes 27 de febrero por la tarde en un incendio vehicular registrado a la altura del kil\u00f3metro 153 de la ruta nacional 146, a unos 30 kil\u00f3metros al sur de la ciudad de San Luis, camino a la localidad de Beazley.<br>Los bomberos fueron alertados desde el Centro de Operaciones Policiales sobre un incendio veh\u00edcular cuyas llamas se propagaban hacia la banquina, en ese sector de la ruta.<br>Al arribar al lugar, los efectivos constataron que se trataba de una camioneta Volkswagen Saveiro, la cual se encontraba totalmente incendiada.<br>De inmediato, el personal procedi\u00f3 a la extinci\u00f3n del fuego y posterior enfriamiento, como as\u00ed tambi\u00e9n al control de focos \u00edgneos en malezas lindantes.<br>El propietario del veh\u00edculo un hombre de 58 a\u00f1os y con domicilio en la ciudad de Juana Koslay, manifest\u00f3 que circulaba por la ruta de norte a sur cuando advirti\u00f3 humo proveniente del motor.<br>Tras estacionar al costado del camino y abrir el cap\u00f3, el foco \u00edgneo se habr\u00eda iniciado de manera repentina, propag\u00e1ndose r\u00e1pidamente. Cabe se\u00f1alar que por el hecho no registraron personas heridas.<br>En el lugar colabor\u00f3 personal de la Comisar\u00eda Distrito 46\u00b0 de Beazley.<br>El origen y la causa del siniestro son materia de investigaci\u00f3n.<\/p>\n","protected":false},"excerpt":{"rendered":"<p>vecinosdelinterior.com \/ 28 de febreroEfectivos de la Divisi\u00f3n Cuartel 5 de la Direcci\u00f3n General de Bomberos de la Polic\u00eda intervinieron este viernes 27 de febrero por la tarde en un incendio vehicular registrado a la altura del kil\u00f3metro 153 de la ruta nacional 146, a unos 30 kil\u00f3metros al sur de la ciudad de San [&hellip;]<\/p>\n","protected":false},"author":1,"featured_media":6508,"comment_status":"open","ping_status":"open","sticky":false,"template":"","format":"standard","meta":{"footnotes":""},"categories":[139,12],"tags":[],"class_list":["post-6507","post","type-post","status-publish","format-standard","has-post-thumbnail","hentry","category-beazley","category-pueyrredon"],"_links":{"self":[{"href":"https:\/\/vecinosdelinterior.com\/index.php\/wp-json\/wp\/v2\/posts\/6507","targetHints":{"allow":["GET"]}}],"collection":[{"href":"https:\/\/vecinosdelinterior.com\/index.php\/wp-json\/wp\/v2\/posts"}],"about":[{"href":"https:\/\/vecinosdelinterior.com\/index.php\/wp-json\/wp\/v2\/types\/post"}],"author":[{"embeddable":true,"href":"https:\/\/vecinosdelinterior.com\/index.php\/wp-json\/wp\/v2\/users\/1"}],"replies":[{"embeddable":true,"href":"https:\/\/vecinosdelinterior.com\/index.php\/wp-json\/wp\/v2\/comments?post=6507"}],"version-history":[{"count":1,"href":"https:\/\/vecinosdelinterior.com\/index.php\/wp-json\/wp\/v2\/posts\/6507\/revisions"}],"predecessor-version":[{"id":6509,"href":"https:\/\/vecinosdelinterior.com\/index.php\/wp-json\/wp\/v2\/posts\/6507\/revisions\/6509"}],"wp:featuredmedia":[{"embeddable":true,"href":"https:\/\/vecinosdelinterior.com\/index.php\/wp-json\/wp\/v2\/media\/6508"}],"wp:attachment":[{"href":"https:\/\/vecinosdelinterior.com\/index.php\/wp-json\/wp\/v2\/media?parent=6507"}],"wp:term":[{"taxonomy":"category","embeddable":true,"href":"https:\/\/vecinosdelinterior.com\/index.php\/wp-json\/wp\/v2\/categories?post=6507"},{"taxonomy":"post_tag","embeddable":true,"href":"https:\/\/vecinosdelinterior.com\/index.php\/wp-json\/wp\/v2\/tags?post=6507"}],"curies":[{"name":"wp","href":"https:\/\/api.w.org\/{rel}","templated":true}]}}