{"id":6520,"date":"2026-03-02T16:37:40","date_gmt":"2026-03-02T19:37:40","guid":{"rendered":"https:\/\/vecinosdelinterior.com\/?p=6520"},"modified":"2026-03-02T16:37:40","modified_gmt":"2026-03-02T19:37:40","slug":"balde-aguas-termales-historia-y-momentos-de-relax","status":"publish","type":"post","link":"https:\/\/vecinosdelinterior.com\/index.php\/2026\/03\/02\/balde-aguas-termales-historia-y-momentos-de-relax\/","title":{"rendered":"Balde: aguas termales, historia y momentos de relax"},"content":{"rendered":"\n<p>VECINOSDELINTERIOR.COM \/ 02 DE MARZO<br>A solo 30 kil\u00f3metros de la capital sanluise\u00f1a, brinda propuestas tur\u00edsticas que promueven el silencio, el bienestar y la tradici\u00f3n. Sin multitudes ni apuros, este destino se consolida como una escapada cercana para quienes buscan bajar un cambio y reconectar con el descanso real.<br>La localidad del departamento Juan Mart\u00edn de Pueyrred\u00f3n recibe a numerosos turistas y visitantes durante el a\u00f1o.<br>Ubicado al oeste de la ciudad capital, dentro de la regi\u00f3n Termas y Salinas, Balde combina paisaje seco y luminoso con un trazado urbano simple. Casas bajas, ritmo pausado y la antigua estaci\u00f3n ferroviaria como s\u00edmbolo de su identidad.<\/p>\n\n\n\n<figure class=\"wp-block-gallery has-nested-images columns-default is-cropped wp-block-gallery-1 is-layout-flex wp-block-gallery-is-layout-flex\">\n<figure class=\"wp-block-image size-large\"><img fetchpriority=\"high\" decoding=\"async\" width=\"1024\" height=\"760\" data-id=\"6521\" src=\"https:\/\/vecinosdelinterior.com\/wp-content\/uploads\/2026\/03\/BALDE-1-1024x760.jpeg\" alt=\"\" class=\"wp-image-6521\" srcset=\"https:\/\/vecinosdelinterior.com\/wp-content\/uploads\/2026\/03\/BALDE-1-1024x760.jpeg 1024w, https:\/\/vecinosdelinterior.com\/wp-content\/uploads\/2026\/03\/BALDE-1-300x223.jpeg 300w, https:\/\/vecinosdelinterior.com\/wp-content\/uploads\/2026\/03\/BALDE-1-768x570.jpeg 768w, https:\/\/vecinosdelinterior.com\/wp-content\/uploads\/2026\/03\/BALDE-1-750x557.jpeg 750w, https:\/\/vecinosdelinterior.com\/wp-content\/uploads\/2026\/03\/BALDE-1.jpeg 1066w\" sizes=\"(max-width: 1024px) 100vw, 1024px\" \/><\/figure>\n\n\n\n<figure class=\"wp-block-image size-large\"><img decoding=\"async\" width=\"1024\" height=\"682\" data-id=\"6522\" src=\"https:\/\/vecinosdelinterior.com\/wp-content\/uploads\/2026\/03\/BALDE-6-1024x682.jpeg\" alt=\"\" class=\"wp-image-6522\" srcset=\"https:\/\/vecinosdelinterior.com\/wp-content\/uploads\/2026\/03\/BALDE-6-1024x682.jpeg 1024w, https:\/\/vecinosdelinterior.com\/wp-content\/uploads\/2026\/03\/BALDE-6-300x200.jpeg 300w, https:\/\/vecinosdelinterior.com\/wp-content\/uploads\/2026\/03\/BALDE-6-768x512.jpeg 768w, https:\/\/vecinosdelinterior.com\/wp-content\/uploads\/2026\/03\/BALDE-6-1536x1023.jpeg 1536w, https:\/\/vecinosdelinterior.com\/wp-content\/uploads\/2026\/03\/BALDE-6-750x500.jpeg 750w, https:\/\/vecinosdelinterior.com\/wp-content\/uploads\/2026\/03\/BALDE-6-1140x760.jpeg 1140w, https:\/\/vecinosdelinterior.com\/wp-content\/uploads\/2026\/03\/BALDE-6.jpeg 1600w\" sizes=\"(max-width: 1024px) 100vw, 1024px\" \/><\/figure>\n<\/figure>\n\n\n\n<p><br>El coraz\u00f3n del pueblo son sus aguas termales, que brotan de manera natural a 43 grados y mantienen esa temperatura durante todo el a\u00f1o. Son aguas est\u00e9riles, potables y libres de contaminaci\u00f3n, con una composici\u00f3n alcalina, bicarbonatada, clorurada y sulfatada. Estas caracter\u00edsticas explican su reconocimiento por los beneficios terap\u00e9uticos, especialmente para aliviar dolores articulares y contracturas.<br>El pozo termal funciona desde 1938, lo que convierte a Balde en uno de los destinos hist\u00f3ricos del termalismo cuyano. Desde entonces, la actividad no solo impulsa la econom\u00eda local, sino que tambi\u00e9n define la identidad cultural de la localidad, que gira en torno al bienestar, la salud y la armon\u00eda con el entorno.<br>Patrimonio arquitect\u00f3nico y tradici\u00f3n<br>El principal punto de encuentro es el Centro Termal Municipal, ubicado en la antigua Hoster\u00eda Provincial inaugurada en 1942. Este edificio hist\u00f3rico forma parte del patrimonio arquitect\u00f3nico local y representa una etapa clave del desarrollo tur\u00edstico provincial.<br>En el lugar, visitantes pueden disfrutar de piletas al aire libre y ba\u00f1os privados en habitaciones individuales, una modalidad que prioriza la intimidad y la tranquilidad. La experiencia termal en Balde no es masiva ni ruidosa; es personal, contemplativa y profundamente ligada al paisaje.<\/p>\n\n\n\n<figure class=\"wp-block-image size-large\"><img decoding=\"async\" width=\"1024\" height=\"682\" src=\"https:\/\/vecinosdelinterior.com\/wp-content\/uploads\/2026\/03\/BALDE-10-1024x682.jpeg\" alt=\"\" class=\"wp-image-6523\" srcset=\"https:\/\/vecinosdelinterior.com\/wp-content\/uploads\/2026\/03\/BALDE-10-1024x682.jpeg 1024w, https:\/\/vecinosdelinterior.com\/wp-content\/uploads\/2026\/03\/BALDE-10-300x200.jpeg 300w, https:\/\/vecinosdelinterior.com\/wp-content\/uploads\/2026\/03\/BALDE-10-768x512.jpeg 768w, https:\/\/vecinosdelinterior.com\/wp-content\/uploads\/2026\/03\/BALDE-10-1536x1023.jpeg 1536w, https:\/\/vecinosdelinterior.com\/wp-content\/uploads\/2026\/03\/BALDE-10-750x500.jpeg 750w, https:\/\/vecinosdelinterior.com\/wp-content\/uploads\/2026\/03\/BALDE-10-1140x760.jpeg 1140w, https:\/\/vecinosdelinterior.com\/wp-content\/uploads\/2026\/03\/BALDE-10.jpeg 1600w\" sizes=\"(max-width: 1024px) 100vw, 1024px\" \/><\/figure>\n\n\n\n<p><br>Turismo de cercan\u00eda y valor cultural<br>M\u00e1s all\u00e1 del agua, Balde propone caminatas breves, visitas a la vieja estaci\u00f3n de tren, recorridos por las salinas cercanas y sitios vinculados al legado sanmartiniano, tan presente en la historia de la provincia. La propuesta no busca saturar de actividades, sino invitar a disfrutar sin esfuerzo.<br>En tiempos donde el turismo suele asociarse al v\u00e9rtigo, Balde reivindica el valor de lo simple. Su importancia hist\u00f3rica como enclave termal, su patrimonio edilicio y su identidad construida en torno al descanso lo convierten en un destino con fuerte impronta cultural.<br>A lo largo de las d\u00e9cadas, este peque\u00f1o pueblo ha sabido sostener su esencia. Hoy, m\u00e1s que nunca, se posiciona como una alternativa accesible y aut\u00e9ntica para cerrar el verano con broche de oro o para encontrar abrigo en invierno.<\/p>\n","protected":false},"excerpt":{"rendered":"<p>VECINOSDELINTERIOR.COM \/ 02 DE MARZOA solo 30 kil\u00f3metros de la capital sanluise\u00f1a, brinda propuestas tur\u00edsticas que promueven el silencio, el bienestar y la tradici\u00f3n. Sin multitudes ni apuros, este destino se consolida como una escapada cercana para quienes buscan bajar un cambio y reconectar con el descanso real.La localidad del departamento Juan Mart\u00edn de Pueyrred\u00f3n [&hellip;]<\/p>\n","protected":false},"author":1,"featured_media":6523,"comment_status":"open","ping_status":"open","sticky":false,"template":"","format":"standard","meta":{"footnotes":""},"categories":[382,12],"tags":[],"class_list":["post-6520","post","type-post","status-publish","format-standard","has-post-thumbnail","hentry","category-balde","category-pueyrredon"],"_links":{"self":[{"href":"https:\/\/vecinosdelinterior.com\/index.php\/wp-json\/wp\/v2\/posts\/6520","targetHints":{"allow":["GET"]}}],"collection":[{"href":"https:\/\/vecinosdelinterior.com\/index.php\/wp-json\/wp\/v2\/posts"}],"about":[{"href":"https:\/\/vecinosdelinterior.com\/index.php\/wp-json\/wp\/v2\/types\/post"}],"author":[{"embeddable":true,"href":"https:\/\/vecinosdelinterior.com\/index.php\/wp-json\/wp\/v2\/users\/1"}],"replies":[{"embeddable":true,"href":"https:\/\/vecinosdelinterior.com\/index.php\/wp-json\/wp\/v2\/comments?post=6520"}],"version-history":[{"count":1,"href":"https:\/\/vecinosdelinterior.com\/index.php\/wp-json\/wp\/v2\/posts\/6520\/revisions"}],"predecessor-version":[{"id":6524,"href":"https:\/\/vecinosdelinterior.com\/index.php\/wp-json\/wp\/v2\/posts\/6520\/revisions\/6524"}],"wp:featuredmedia":[{"embeddable":true,"href":"https:\/\/vecinosdelinterior.com\/index.php\/wp-json\/wp\/v2\/media\/6523"}],"wp:attachment":[{"href":"https:\/\/vecinosdelinterior.com\/index.php\/wp-json\/wp\/v2\/media?parent=6520"}],"wp:term":[{"taxonomy":"category","embeddable":true,"href":"https:\/\/vecinosdelinterior.com\/index.php\/wp-json\/wp\/v2\/categories?post=6520"},{"taxonomy":"post_tag","embeddable":true,"href":"https:\/\/vecinosdelinterior.com\/index.php\/wp-json\/wp\/v2\/tags?post=6520"}],"curies":[{"name":"wp","href":"https:\/\/api.w.org\/{rel}","templated":true}]}}