{"id":654,"date":"2023-09-08T19:11:35","date_gmt":"2023-09-08T22:11:35","guid":{"rendered":"https:\/\/vecinosdelinterior.com\/?p=654"},"modified":"2023-09-08T19:11:36","modified_gmt":"2023-09-08T22:11:36","slug":"inclusion-digital-634-alumnos-recibieron-computadoras-en-quines","status":"publish","type":"post","link":"https:\/\/vecinosdelinterior.com\/index.php\/2023\/09\/08\/inclusion-digital-634-alumnos-recibieron-computadoras-en-quines\/","title":{"rendered":"Inclusi\u00f3n digital: 634 alumnos recibieron computadoras en Quines"},"content":{"rendered":"\n<p>La Escuela N\u00ba 95 \u201cV\u00edctor Mercante\u201d de la localidad del norte puntano incorpor\u00f3 innovadoras herramientas de alfabetizaci\u00f3n digital. Este jueves la localidad ubicada en el departamento Ayacucho teji\u00f3 uno de los nudos m\u00e1s fuertes para acabar con la brecha digital. Patricia Sosa, directora del establecimiento expres\u00f3: \u201cEs fundamental para nosotros esta inclusi\u00f3n digital debido a que ya tenemos varios proyectos para llevar a cabo con las computadoras\u201d.<\/p>\n\n\n\n<figure class=\"wp-block-gallery has-nested-images columns-default is-cropped wp-block-gallery-1 is-layout-flex wp-block-gallery-is-layout-flex\">\n<figure class=\"wp-block-image size-large\"><img fetchpriority=\"high\" decoding=\"async\" width=\"900\" height=\"600\" data-id=\"655\" src=\"https:\/\/vecinosdelinterior.com\/wp-content\/uploads\/2023\/09\/370608067_153777657772929_6594314935872619921_n.jpg\" alt=\"\" class=\"wp-image-655\" srcset=\"https:\/\/vecinosdelinterior.com\/wp-content\/uploads\/2023\/09\/370608067_153777657772929_6594314935872619921_n.jpg 900w, https:\/\/vecinosdelinterior.com\/wp-content\/uploads\/2023\/09\/370608067_153777657772929_6594314935872619921_n-300x200.jpg 300w, https:\/\/vecinosdelinterior.com\/wp-content\/uploads\/2023\/09\/370608067_153777657772929_6594314935872619921_n-768x512.jpg 768w, https:\/\/vecinosdelinterior.com\/wp-content\/uploads\/2023\/09\/370608067_153777657772929_6594314935872619921_n-750x500.jpg 750w\" sizes=\"(max-width: 900px) 100vw, 900px\" \/><\/figure>\n\n\n\n<figure class=\"wp-block-image size-large\"><img decoding=\"async\" width=\"900\" height=\"600\" data-id=\"657\" src=\"https:\/\/vecinosdelinterior.com\/wp-content\/uploads\/2023\/09\/376688325_153777611106267_6731131203675197760_n.jpg\" alt=\"\" class=\"wp-image-657\" srcset=\"https:\/\/vecinosdelinterior.com\/wp-content\/uploads\/2023\/09\/376688325_153777611106267_6731131203675197760_n.jpg 900w, https:\/\/vecinosdelinterior.com\/wp-content\/uploads\/2023\/09\/376688325_153777611106267_6731131203675197760_n-300x200.jpg 300w, https:\/\/vecinosdelinterior.com\/wp-content\/uploads\/2023\/09\/376688325_153777611106267_6731131203675197760_n-768x512.jpg 768w, https:\/\/vecinosdelinterior.com\/wp-content\/uploads\/2023\/09\/376688325_153777611106267_6731131203675197760_n-750x500.jpg 750w\" sizes=\"(max-width: 900px) 100vw, 900px\" \/><\/figure>\n\n\n\n<figure class=\"wp-block-image size-large\"><img decoding=\"async\" width=\"1024\" height=\"683\" data-id=\"658\" src=\"https:\/\/vecinosdelinterior.com\/wp-content\/uploads\/2023\/09\/376764212_153777757772919_4826439730150615859_n-1024x683.jpg\" alt=\"\" class=\"wp-image-658\" srcset=\"https:\/\/vecinosdelinterior.com\/wp-content\/uploads\/2023\/09\/376764212_153777757772919_4826439730150615859_n-1024x683.jpg 1024w, https:\/\/vecinosdelinterior.com\/wp-content\/uploads\/2023\/09\/376764212_153777757772919_4826439730150615859_n-300x200.jpg 300w, https:\/\/vecinosdelinterior.com\/wp-content\/uploads\/2023\/09\/376764212_153777757772919_4826439730150615859_n-768x512.jpg 768w, https:\/\/vecinosdelinterior.com\/wp-content\/uploads\/2023\/09\/376764212_153777757772919_4826439730150615859_n-1536x1025.jpg 1536w, https:\/\/vecinosdelinterior.com\/wp-content\/uploads\/2023\/09\/376764212_153777757772919_4826439730150615859_n-750x500.jpg 750w, https:\/\/vecinosdelinterior.com\/wp-content\/uploads\/2023\/09\/376764212_153777757772919_4826439730150615859_n-1140x760.jpg 1140w, https:\/\/vecinosdelinterior.com\/wp-content\/uploads\/2023\/09\/376764212_153777757772919_4826439730150615859_n.jpg 2048w\" sizes=\"(max-width: 1024px) 100vw, 1024px\" \/><\/figure>\n\n\n\n<figure class=\"wp-block-image size-large\"><img loading=\"lazy\" decoding=\"async\" width=\"900\" height=\"600\" data-id=\"656\" src=\"https:\/\/vecinosdelinterior.com\/wp-content\/uploads\/2023\/09\/376281671_153777544439607_4359475009812183640_n.jpg\" alt=\"\" class=\"wp-image-656\" srcset=\"https:\/\/vecinosdelinterior.com\/wp-content\/uploads\/2023\/09\/376281671_153777544439607_4359475009812183640_n.jpg 900w, https:\/\/vecinosdelinterior.com\/wp-content\/uploads\/2023\/09\/376281671_153777544439607_4359475009812183640_n-300x200.jpg 300w, https:\/\/vecinosdelinterior.com\/wp-content\/uploads\/2023\/09\/376281671_153777544439607_4359475009812183640_n-768x512.jpg 768w, https:\/\/vecinosdelinterior.com\/wp-content\/uploads\/2023\/09\/376281671_153777544439607_4359475009812183640_n-750x500.jpg 750w\" sizes=\"(max-width: 900px) 100vw, 900px\" \/><\/figure>\n<\/figure>\n\n\n\n<p><br>Los alumnos de 4to, 5to y 6to grado de primaria y 1\u00b0 a\u00f1o de secundaria disfrutaron del momento y expresaron sus sentimientos. Con mucha emoci\u00f3n y entusiasmo, Camila, alumna de la primaria dijo: \u201cEstoy muy feliz con mi computadora, no ten\u00eda, la voy usar en mis clases de computaci\u00f3n y para ver videos\u201d.<br>Con las entregas que actualmente realiza la Universidad de la Punta (ULP) para todo el nivel primario y el 1\u00b0 a\u00f1o del secundario, San Luis se convertir\u00e1 as\u00ed en la \u00fanica provincia que tiene a todo su alumnado entre 1\u00b0 grado y el 7\u00b0 a\u00f1o, beneficiado con la entrega de alg\u00fan dispositivo, ya sea tablet o una notebook.<br>De esta forma, se igualan las oportunidades para toda la comunidad educativa de San Luis y se fortalecen las trayectorias educativas, porque cada alumno contar\u00e1 con una herramienta digital que lo ayudar\u00e1 en su formaci\u00f3n y desarrollo.<\/p>\n","protected":false},"excerpt":{"rendered":"<p>La Escuela N\u00ba 95 \u201cV\u00edctor Mercante\u201d de la localidad del norte puntano incorpor\u00f3 innovadoras herramientas de alfabetizaci\u00f3n digital. Este jueves la localidad ubicada en el departamento Ayacucho teji\u00f3 uno de los nudos m\u00e1s fuertes para acabar con la brecha digital. Patricia Sosa, directora del establecimiento expres\u00f3: \u201cEs fundamental para nosotros esta inclusi\u00f3n digital debido a [&hellip;]<\/p>\n","protected":false},"author":1,"featured_media":656,"comment_status":"open","ping_status":"open","sticky":false,"template":"","format":"standard","meta":{"footnotes":""},"categories":[8,54],"tags":[207,101],"class_list":["post-654","post","type-post","status-publish","format-standard","has-post-thumbnail","hentry","category-ayacucho","category-quines-ayacucho","tag-entrega-de-computadoras","tag-quines"],"_links":{"self":[{"href":"https:\/\/vecinosdelinterior.com\/index.php\/wp-json\/wp\/v2\/posts\/654","targetHints":{"allow":["GET"]}}],"collection":[{"href":"https:\/\/vecinosdelinterior.com\/index.php\/wp-json\/wp\/v2\/posts"}],"about":[{"href":"https:\/\/vecinosdelinterior.com\/index.php\/wp-json\/wp\/v2\/types\/post"}],"author":[{"embeddable":true,"href":"https:\/\/vecinosdelinterior.com\/index.php\/wp-json\/wp\/v2\/users\/1"}],"replies":[{"embeddable":true,"href":"https:\/\/vecinosdelinterior.com\/index.php\/wp-json\/wp\/v2\/comments?post=654"}],"version-history":[{"count":1,"href":"https:\/\/vecinosdelinterior.com\/index.php\/wp-json\/wp\/v2\/posts\/654\/revisions"}],"predecessor-version":[{"id":659,"href":"https:\/\/vecinosdelinterior.com\/index.php\/wp-json\/wp\/v2\/posts\/654\/revisions\/659"}],"wp:featuredmedia":[{"embeddable":true,"href":"https:\/\/vecinosdelinterior.com\/index.php\/wp-json\/wp\/v2\/media\/656"}],"wp:attachment":[{"href":"https:\/\/vecinosdelinterior.com\/index.php\/wp-json\/wp\/v2\/media?parent=654"}],"wp:term":[{"taxonomy":"category","embeddable":true,"href":"https:\/\/vecinosdelinterior.com\/index.php\/wp-json\/wp\/v2\/categories?post=654"},{"taxonomy":"post_tag","embeddable":true,"href":"https:\/\/vecinosdelinterior.com\/index.php\/wp-json\/wp\/v2\/tags?post=654"}],"curies":[{"name":"wp","href":"https:\/\/api.w.org\/{rel}","templated":true}]}}