{"id":6544,"date":"2026-03-04T11:15:00","date_gmt":"2026-03-04T14:15:00","guid":{"rendered":"https:\/\/vecinosdelinterior.com\/?p=6544"},"modified":"2026-03-04T19:24:31","modified_gmt":"2026-03-04T22:24:31","slug":"buena-esperanza-lanza-una-serie-de-talleres-gratuitos-como-parte-del-programa-de-fortalecimiento-laboral-para-mujeres","status":"publish","type":"post","link":"https:\/\/vecinosdelinterior.com\/index.php\/2026\/03\/04\/buena-esperanza-lanza-una-serie-de-talleres-gratuitos-como-parte-del-programa-de-fortalecimiento-laboral-para-mujeres\/","title":{"rendered":"Buena Esperanza lanza una serie de talleres gratuitos como parte del Programa de Fortalecimiento laboral para Mujeres"},"content":{"rendered":"\n<p>VECINOSDELINTERIOR.COM \/ 04 DE MARZO<\/p>\n\n\n\n<p>La Municipalidad de Buena Esperanza present\u00f3 \u201cFORTALECER\u201d, el Programa de Fortalecimiento Laboral para Mujeres, en el marco del Mes de la Mujer. La iniciativa apunta a promover la autonom\u00eda econ\u00f3mica femenina a trav\u00e9s de instancias de formaci\u00f3n pr\u00e1ctica, entendiendo el trabajo y la capacitaci\u00f3n como motores fundamentales del desarrollo personal y comunitario.<\/p>\n\n\n\n<figure class=\"wp-block-gallery has-nested-images columns-default is-cropped wp-block-gallery-1 is-layout-flex wp-block-gallery-is-layout-flex\">\n<figure class=\"wp-block-image size-large\"><img fetchpriority=\"high\" decoding=\"async\" width=\"819\" height=\"1024\" data-id=\"6548\" src=\"https:\/\/vecinosdelinterior.com\/wp-content\/uploads\/2026\/03\/646370386_122256156224146161_3368332189364406761_n-819x1024.jpg\" alt=\"\" class=\"wp-image-6548\" srcset=\"https:\/\/vecinosdelinterior.com\/wp-content\/uploads\/2026\/03\/646370386_122256156224146161_3368332189364406761_n-819x1024.jpg 819w, https:\/\/vecinosdelinterior.com\/wp-content\/uploads\/2026\/03\/646370386_122256156224146161_3368332189364406761_n-240x300.jpg 240w, https:\/\/vecinosdelinterior.com\/wp-content\/uploads\/2026\/03\/646370386_122256156224146161_3368332189364406761_n-768x960.jpg 768w, https:\/\/vecinosdelinterior.com\/wp-content\/uploads\/2026\/03\/646370386_122256156224146161_3368332189364406761_n-750x938.jpg 750w, https:\/\/vecinosdelinterior.com\/wp-content\/uploads\/2026\/03\/646370386_122256156224146161_3368332189364406761_n.jpg 1080w\" sizes=\"(max-width: 819px) 100vw, 819px\" \/><\/figure>\n\n\n\n<figure class=\"wp-block-image size-large\"><img decoding=\"async\" width=\"819\" height=\"1024\" data-id=\"6549\" src=\"https:\/\/vecinosdelinterior.com\/wp-content\/uploads\/2026\/03\/646388202_122256156272146161_5260808885813376789_n-819x1024.jpg\" alt=\"\" class=\"wp-image-6549\" srcset=\"https:\/\/vecinosdelinterior.com\/wp-content\/uploads\/2026\/03\/646388202_122256156272146161_5260808885813376789_n-819x1024.jpg 819w, https:\/\/vecinosdelinterior.com\/wp-content\/uploads\/2026\/03\/646388202_122256156272146161_5260808885813376789_n-240x300.jpg 240w, https:\/\/vecinosdelinterior.com\/wp-content\/uploads\/2026\/03\/646388202_122256156272146161_5260808885813376789_n-768x960.jpg 768w, https:\/\/vecinosdelinterior.com\/wp-content\/uploads\/2026\/03\/646388202_122256156272146161_5260808885813376789_n-750x938.jpg 750w, https:\/\/vecinosdelinterior.com\/wp-content\/uploads\/2026\/03\/646388202_122256156272146161_5260808885813376789_n.jpg 1080w\" sizes=\"(max-width: 819px) 100vw, 819px\" \/><\/figure>\n\n\n\n<figure class=\"wp-block-image size-large\"><img decoding=\"async\" width=\"819\" height=\"1024\" data-id=\"6550\" src=\"https:\/\/vecinosdelinterior.com\/wp-content\/uploads\/2026\/03\/646379967_122256156188146161_6618170982293621045_n-819x1024.jpg\" alt=\"\" class=\"wp-image-6550\" srcset=\"https:\/\/vecinosdelinterior.com\/wp-content\/uploads\/2026\/03\/646379967_122256156188146161_6618170982293621045_n-819x1024.jpg 819w, https:\/\/vecinosdelinterior.com\/wp-content\/uploads\/2026\/03\/646379967_122256156188146161_6618170982293621045_n-240x300.jpg 240w, https:\/\/vecinosdelinterior.com\/wp-content\/uploads\/2026\/03\/646379967_122256156188146161_6618170982293621045_n-768x960.jpg 768w, https:\/\/vecinosdelinterior.com\/wp-content\/uploads\/2026\/03\/646379967_122256156188146161_6618170982293621045_n-750x938.jpg 750w, https:\/\/vecinosdelinterior.com\/wp-content\/uploads\/2026\/03\/646379967_122256156188146161_6618170982293621045_n.jpg 1080w\" sizes=\"(max-width: 819px) 100vw, 819px\" \/><\/figure>\n<\/figure>\n\n\n\n<p>El programa incluye cuatro propuestas concretas: un seminario de Amigurumi, el espacio art\u00edstico \u201cFlorecer\u201d, talleres de Cester\u00eda y Bordado Chino. Estos espacios est\u00e1n pensados para brindar herramientas reales, generar nuevas oportunidades laborales y contribuir al fortalecimiento de la econom\u00eda del hogar. Las inscripciones se encuentran abiertas v\u00eda WhatsApp y el 21 de marzo se realizar\u00e1 adem\u00e1s el Encuentro Departamental de Mujeres, como parte de las actividades previstas.<\/p>\n\n\n\n<figure class=\"wp-block-gallery has-nested-images columns-default is-cropped wp-block-gallery-2 is-layout-flex wp-block-gallery-is-layout-flex\">\n<figure class=\"wp-block-image size-large\"><img loading=\"lazy\" decoding=\"async\" width=\"819\" height=\"1024\" data-id=\"6545\" src=\"https:\/\/vecinosdelinterior.com\/wp-content\/uploads\/2026\/03\/646375905_122256156128146161_3175909251901596425_n-819x1024.jpg\" alt=\"\" class=\"wp-image-6545\" srcset=\"https:\/\/vecinosdelinterior.com\/wp-content\/uploads\/2026\/03\/646375905_122256156128146161_3175909251901596425_n-819x1024.jpg 819w, https:\/\/vecinosdelinterior.com\/wp-content\/uploads\/2026\/03\/646375905_122256156128146161_3175909251901596425_n-240x300.jpg 240w, https:\/\/vecinosdelinterior.com\/wp-content\/uploads\/2026\/03\/646375905_122256156128146161_3175909251901596425_n-768x960.jpg 768w, https:\/\/vecinosdelinterior.com\/wp-content\/uploads\/2026\/03\/646375905_122256156128146161_3175909251901596425_n-750x938.jpg 750w, https:\/\/vecinosdelinterior.com\/wp-content\/uploads\/2026\/03\/646375905_122256156128146161_3175909251901596425_n.jpg 1080w\" sizes=\"(max-width: 819px) 100vw, 819px\" \/><\/figure>\n\n\n\n<figure class=\"wp-block-image size-large\"><img loading=\"lazy\" decoding=\"async\" width=\"819\" height=\"1024\" data-id=\"6547\" src=\"https:\/\/vecinosdelinterior.com\/wp-content\/uploads\/2026\/03\/646375875_122256156152146161_2482160309544783186_n-819x1024.jpg\" alt=\"\" class=\"wp-image-6547\" srcset=\"https:\/\/vecinosdelinterior.com\/wp-content\/uploads\/2026\/03\/646375875_122256156152146161_2482160309544783186_n-819x1024.jpg 819w, https:\/\/vecinosdelinterior.com\/wp-content\/uploads\/2026\/03\/646375875_122256156152146161_2482160309544783186_n-240x300.jpg 240w, https:\/\/vecinosdelinterior.com\/wp-content\/uploads\/2026\/03\/646375875_122256156152146161_2482160309544783186_n-768x960.jpg 768w, https:\/\/vecinosdelinterior.com\/wp-content\/uploads\/2026\/03\/646375875_122256156152146161_2482160309544783186_n-750x938.jpg 750w, https:\/\/vecinosdelinterior.com\/wp-content\/uploads\/2026\/03\/646375875_122256156152146161_2482160309544783186_n.jpg 1080w\" sizes=\"(max-width: 819px) 100vw, 819px\" \/><\/figure>\n\n\n\n<figure class=\"wp-block-image size-large\"><img loading=\"lazy\" decoding=\"async\" width=\"819\" height=\"1024\" data-id=\"6546\" src=\"https:\/\/vecinosdelinterior.com\/wp-content\/uploads\/2026\/03\/646378256_122256156200146161_3089104991941401434_n-819x1024.jpg\" alt=\"\" class=\"wp-image-6546\" srcset=\"https:\/\/vecinosdelinterior.com\/wp-content\/uploads\/2026\/03\/646378256_122256156200146161_3089104991941401434_n-819x1024.jpg 819w, https:\/\/vecinosdelinterior.com\/wp-content\/uploads\/2026\/03\/646378256_122256156200146161_3089104991941401434_n-240x300.jpg 240w, https:\/\/vecinosdelinterior.com\/wp-content\/uploads\/2026\/03\/646378256_122256156200146161_3089104991941401434_n-768x960.jpg 768w, https:\/\/vecinosdelinterior.com\/wp-content\/uploads\/2026\/03\/646378256_122256156200146161_3089104991941401434_n-750x938.jpg 750w, https:\/\/vecinosdelinterior.com\/wp-content\/uploads\/2026\/03\/646378256_122256156200146161_3089104991941401434_n.jpg 1080w\" sizes=\"(max-width: 819px) 100vw, 819px\" \/><\/figure>\n<\/figure>\n","protected":false},"excerpt":{"rendered":"<p>VECINOSDELINTERIOR.COM \/ 04 DE MARZO La Municipalidad de Buena Esperanza present\u00f3 \u201cFORTALECER\u201d, el Programa de Fortalecimiento Laboral para Mujeres, en el marco del Mes de la Mujer. La iniciativa apunta a promover la autonom\u00eda econ\u00f3mica femenina a trav\u00e9s de instancias de formaci\u00f3n pr\u00e1ctica, entendiendo el trabajo y la capacitaci\u00f3n como motores fundamentales del desarrollo personal [&hellip;]<\/p>\n","protected":false},"author":1,"featured_media":6545,"comment_status":"open","ping_status":"open","sticky":false,"template":"","format":"standard","meta":{"footnotes":""},"categories":[18,16],"tags":[177],"class_list":["post-6544","post","type-post","status-publish","format-standard","has-post-thumbnail","hentry","category-buena-esperanza-dupuy","category-dupuy","tag-gestiones-destacadas"],"_links":{"self":[{"href":"https:\/\/vecinosdelinterior.com\/index.php\/wp-json\/wp\/v2\/posts\/6544","targetHints":{"allow":["GET"]}}],"collection":[{"href":"https:\/\/vecinosdelinterior.com\/index.php\/wp-json\/wp\/v2\/posts"}],"about":[{"href":"https:\/\/vecinosdelinterior.com\/index.php\/wp-json\/wp\/v2\/types\/post"}],"author":[{"embeddable":true,"href":"https:\/\/vecinosdelinterior.com\/index.php\/wp-json\/wp\/v2\/users\/1"}],"replies":[{"embeddable":true,"href":"https:\/\/vecinosdelinterior.com\/index.php\/wp-json\/wp\/v2\/comments?post=6544"}],"version-history":[{"count":1,"href":"https:\/\/vecinosdelinterior.com\/index.php\/wp-json\/wp\/v2\/posts\/6544\/revisions"}],"predecessor-version":[{"id":6552,"href":"https:\/\/vecinosdelinterior.com\/index.php\/wp-json\/wp\/v2\/posts\/6544\/revisions\/6552"}],"wp:featuredmedia":[{"embeddable":true,"href":"https:\/\/vecinosdelinterior.com\/index.php\/wp-json\/wp\/v2\/media\/6545"}],"wp:attachment":[{"href":"https:\/\/vecinosdelinterior.com\/index.php\/wp-json\/wp\/v2\/media?parent=6544"}],"wp:term":[{"taxonomy":"category","embeddable":true,"href":"https:\/\/vecinosdelinterior.com\/index.php\/wp-json\/wp\/v2\/categories?post=6544"},{"taxonomy":"post_tag","embeddable":true,"href":"https:\/\/vecinosdelinterior.com\/index.php\/wp-json\/wp\/v2\/tags?post=6544"}],"curies":[{"name":"wp","href":"https:\/\/api.w.org\/{rel}","templated":true}]}}