{"id":6581,"date":"2026-03-08T15:14:00","date_gmt":"2026-03-08T18:14:00","guid":{"rendered":"https:\/\/vecinosdelinterior.com\/?p=6581"},"modified":"2026-03-09T15:16:34","modified_gmt":"2026-03-09T18:16:34","slug":"intervencion-por-vehiculo-arrastrado-en-baden","status":"publish","type":"post","link":"https:\/\/vecinosdelinterior.com\/index.php\/2026\/03\/08\/intervencion-por-vehiculo-arrastrado-en-baden\/","title":{"rendered":"Intervenci\u00f3n por veh\u00edculo arrastrado en bad\u00e9n"},"content":{"rendered":"\n<p>Vecinos del Interior Puntano<br>Siendo las 14:00 hs, se recibe un aviso por un veh\u00edculo que hab\u00eda sido arrastrado por la corriente en el bad\u00e9n del R\u00edo Claro, Ruta 9 km 92.<br>Al llegar al lugar, personal constata que un autom\u00f3vil que intent\u00f3 cruzar el bad\u00e9n fue arrastrado aproximadamente 150 metros r\u00edo abajo fuera de la calzada.<br>El conductor y su hijo menor, oriundos de Merlo (San Luis), lograron salir del veh\u00edculo y permanecer a resguardo en otro veh\u00edculo hasta que personal de bomberos de nuestra instituci\u00f3n pudo cruzar a asistirlo. Que Debido a la crecida del r\u00edo, el personal debi\u00f3 esperar aproximadamente una hora para poder cruzar y asistirlos<br>Posteriormente, ambas personas fueron trasladadas por Bomberos Voluntarios de San Francisco para una mejor atenci\u00f3n m\u00e9dica.<\/p>\n\n\n\n<figure class=\"wp-block-gallery has-nested-images columns-default is-cropped wp-block-gallery-1 is-layout-flex wp-block-gallery-is-layout-flex\">\n<figure class=\"wp-block-image size-large\"><img fetchpriority=\"high\" decoding=\"async\" width=\"768\" height=\"1024\" data-id=\"6582\" src=\"https:\/\/vecinosdelinterior.com\/wp-content\/uploads\/2026\/03\/647589509_789785290838826_4403885539856446635_n-768x1024.jpg\" alt=\"\" class=\"wp-image-6582\" srcset=\"https:\/\/vecinosdelinterior.com\/wp-content\/uploads\/2026\/03\/647589509_789785290838826_4403885539856446635_n-768x1024.jpg 768w, https:\/\/vecinosdelinterior.com\/wp-content\/uploads\/2026\/03\/647589509_789785290838826_4403885539856446635_n-225x300.jpg 225w, https:\/\/vecinosdelinterior.com\/wp-content\/uploads\/2026\/03\/647589509_789785290838826_4403885539856446635_n-1152x1536.jpg 1152w, https:\/\/vecinosdelinterior.com\/wp-content\/uploads\/2026\/03\/647589509_789785290838826_4403885539856446635_n-750x1000.jpg 750w, https:\/\/vecinosdelinterior.com\/wp-content\/uploads\/2026\/03\/647589509_789785290838826_4403885539856446635_n-1140x1520.jpg 1140w, https:\/\/vecinosdelinterior.com\/wp-content\/uploads\/2026\/03\/647589509_789785290838826_4403885539856446635_n.jpg 1200w\" sizes=\"(max-width: 768px) 100vw, 768px\" \/><\/figure>\n\n\n\n<figure class=\"wp-block-image size-large\"><img decoding=\"async\" width=\"768\" height=\"1024\" data-id=\"6583\" src=\"https:\/\/vecinosdelinterior.com\/wp-content\/uploads\/2026\/03\/648425956_789785247505497_8162529914508834954_n-768x1024.jpg\" alt=\"\" class=\"wp-image-6583\" srcset=\"https:\/\/vecinosdelinterior.com\/wp-content\/uploads\/2026\/03\/648425956_789785247505497_8162529914508834954_n-768x1024.jpg 768w, https:\/\/vecinosdelinterior.com\/wp-content\/uploads\/2026\/03\/648425956_789785247505497_8162529914508834954_n-225x300.jpg 225w, https:\/\/vecinosdelinterior.com\/wp-content\/uploads\/2026\/03\/648425956_789785247505497_8162529914508834954_n-1152x1536.jpg 1152w, https:\/\/vecinosdelinterior.com\/wp-content\/uploads\/2026\/03\/648425956_789785247505497_8162529914508834954_n-750x1000.jpg 750w, https:\/\/vecinosdelinterior.com\/wp-content\/uploads\/2026\/03\/648425956_789785247505497_8162529914508834954_n-1140x1520.jpg 1140w, https:\/\/vecinosdelinterior.com\/wp-content\/uploads\/2026\/03\/648425956_789785247505497_8162529914508834954_n.jpg 1200w\" sizes=\"(max-width: 768px) 100vw, 768px\" \/><\/figure>\n<\/figure>\n\n\n\n<p><br>En el lugar se trabaj\u00f3 en conjunto con Polic\u00eda de Trapiche y Bomberos Voluntarios de San Francisco.<br>\ud83d\udd53 16:30 hs: personal regresa a base.<br>Agradecemos al se\u00f1or Portillo Roberto por el traslado del personal y a bomberos voluntarios de San Francisco por la colaboraci\u00f3n.<br>\u26a0\ufe0f Frase de concientizaci\u00f3n:<br>\u201cUn bad\u00e9n crecido no es un desaf\u00edo, es un peligro. La naturaleza siempre tiene m\u00e1s fuerza.\u201d<br>Fuente Bomberos La Carolina<\/p>\n","protected":false},"excerpt":{"rendered":"<p>Vecinos del Interior PuntanoSiendo las 14:00 hs, se recibe un aviso por un veh\u00edculo que hab\u00eda sido arrastrado por la corriente en el bad\u00e9n del R\u00edo Claro, Ruta 9 km 92.Al llegar al lugar, personal constata que un autom\u00f3vil que intent\u00f3 cruzar el bad\u00e9n fue arrastrado aproximadamente 150 metros r\u00edo abajo fuera de la calzada.El [&hellip;]<\/p>\n","protected":false},"author":1,"featured_media":6582,"comment_status":"open","ping_status":"open","sticky":false,"template":"","format":"standard","meta":{"footnotes":""},"categories":[112,2],"tags":[],"class_list":["post-6581","post","type-post","status-publish","format-standard","has-post-thumbnail","hentry","category-la-carolina","category-pringles"],"_links":{"self":[{"href":"https:\/\/vecinosdelinterior.com\/index.php\/wp-json\/wp\/v2\/posts\/6581","targetHints":{"allow":["GET"]}}],"collection":[{"href":"https:\/\/vecinosdelinterior.com\/index.php\/wp-json\/wp\/v2\/posts"}],"about":[{"href":"https:\/\/vecinosdelinterior.com\/index.php\/wp-json\/wp\/v2\/types\/post"}],"author":[{"embeddable":true,"href":"https:\/\/vecinosdelinterior.com\/index.php\/wp-json\/wp\/v2\/users\/1"}],"replies":[{"embeddable":true,"href":"https:\/\/vecinosdelinterior.com\/index.php\/wp-json\/wp\/v2\/comments?post=6581"}],"version-history":[{"count":1,"href":"https:\/\/vecinosdelinterior.com\/index.php\/wp-json\/wp\/v2\/posts\/6581\/revisions"}],"predecessor-version":[{"id":6584,"href":"https:\/\/vecinosdelinterior.com\/index.php\/wp-json\/wp\/v2\/posts\/6581\/revisions\/6584"}],"wp:featuredmedia":[{"embeddable":true,"href":"https:\/\/vecinosdelinterior.com\/index.php\/wp-json\/wp\/v2\/media\/6582"}],"wp:attachment":[{"href":"https:\/\/vecinosdelinterior.com\/index.php\/wp-json\/wp\/v2\/media?parent=6581"}],"wp:term":[{"taxonomy":"category","embeddable":true,"href":"https:\/\/vecinosdelinterior.com\/index.php\/wp-json\/wp\/v2\/categories?post=6581"},{"taxonomy":"post_tag","embeddable":true,"href":"https:\/\/vecinosdelinterior.com\/index.php\/wp-json\/wp\/v2\/tags?post=6581"}],"curies":[{"name":"wp","href":"https:\/\/api.w.org\/{rel}","templated":true}]}}