{"id":6585,"date":"2026-03-09T15:27:09","date_gmt":"2026-03-09T18:27:09","guid":{"rendered":"https:\/\/vecinosdelinterior.com\/?p=6585"},"modified":"2026-03-09T15:27:10","modified_gmt":"2026-03-09T18:27:10","slug":"vecinos-de-santa-rosa-del-conlara-se-movilizan-para-evitar-la-renuncia-de-una-cardiologa","status":"publish","type":"post","link":"https:\/\/vecinosdelinterior.com\/index.php\/2026\/03\/09\/vecinos-de-santa-rosa-del-conlara-se-movilizan-para-evitar-la-renuncia-de-una-cardiologa\/","title":{"rendered":"Vecinos de Santa Rosa del Conlara se movilizan para evitar la renuncia de una cardi\u00f3loga"},"content":{"rendered":"\n<p><\/p>\n\n\n\n<p>Vecinos de Santa Rosa del Conlara iniciaron una colecta de firmas y realizar\u00e1n una concentraci\u00f3n este lunes para evitar la renuncia de la cardi\u00f3loga Myrna S\u00e1nchez Turinnetto, quien atend\u00eda en el hospital \u00abDr. Ricardo Roque Ferrara\u00bb de la localidad.<\/p>\n\n\n\n<p>La m\u00e9dica habr\u00eda presentado su dimisi\u00f3n debido a los continuos maltratos laborales y hostigamientos que sufr\u00eda en el centro de salud.<\/p>\n\n\n\n<p>Reconocimiento de la comunidad a la cardi\u00f3loga<br>Los vecinos de la localidad le reconocen a S\u00e1nchez Turinnetto \u00absu inmensa pasi\u00f3n y humildad\u00bb, y recuerdan que \u00abextend\u00eda sus jornadas hasta las 3 de la ma\u00f1ana para asegurar que ning\u00fan vecino se quedara sin atenci\u00f3n m\u00e9dica\u00bb.<\/p>\n\n\n\n<p>Ante lo que consideran un atropello contra una profesional excelente, los ciudadanos decidieron pasar a la acci\u00f3n: se reunir\u00e1n este lunes a las 19.00 en la plaza principal de la ciudad para visibilizar el conflicto y recolectar firmas, con el objetivo \u00abque se revierta la situaci\u00f3n de maltrato que deriv\u00f3 en su dimisi\u00f3n\u00bb.<\/p>\n\n\n\n<p>Contexto de conflictividad en el hospital local<br>El Hospital \u00abDr. Ricardo Roque Ferrara\u00bb de Santa Rosa del Conlara fue escenario de tensiones en el \u00faltimo tiempo. En agosto de 2024, vecinos autoconvocados realizaron una sentada para reclamar por despidos que atribuyeron a una \u00abpersecuci\u00f3n ideol\u00f3gica\u00ab .<\/p>\n\n\n\n<p>En aquel momento, denunciaron la desafectaci\u00f3n de un kinesi\u00f3logo y una administrativa, y advirtieron sobre rumores de renuncias de otros profesionales por el \u00abhartazgo del manoseo en la instituci\u00f3n\u00bb .<\/p>\n\n\n\n<p>M\u00e1s recientemente, en febrero de 2026, la directora del hospital, Mar\u00eda Flores, present\u00f3 su renuncia al cargo por \u00abestrictas cuestiones personales\u00ab. sl24<\/p>\n","protected":false},"excerpt":{"rendered":"<p>Vecinos de Santa Rosa del Conlara iniciaron una colecta de firmas y realizar\u00e1n una concentraci\u00f3n este lunes para evitar la renuncia de la cardi\u00f3loga Myrna S\u00e1nchez Turinnetto, quien atend\u00eda en el hospital \u00abDr. Ricardo Roque Ferrara\u00bb de la localidad. La m\u00e9dica habr\u00eda presentado su dimisi\u00f3n debido a los continuos maltratos laborales y hostigamientos que sufr\u00eda [&hellip;]<\/p>\n","protected":false},"author":1,"featured_media":6586,"comment_status":"open","ping_status":"open","sticky":false,"template":"","format":"standard","meta":{"footnotes":""},"categories":[45],"tags":[],"class_list":["post-6585","post","type-post","status-publish","format-standard","has-post-thumbnail","hentry","category-santa-rosa-del-conlara"],"_links":{"self":[{"href":"https:\/\/vecinosdelinterior.com\/index.php\/wp-json\/wp\/v2\/posts\/6585","targetHints":{"allow":["GET"]}}],"collection":[{"href":"https:\/\/vecinosdelinterior.com\/index.php\/wp-json\/wp\/v2\/posts"}],"about":[{"href":"https:\/\/vecinosdelinterior.com\/index.php\/wp-json\/wp\/v2\/types\/post"}],"author":[{"embeddable":true,"href":"https:\/\/vecinosdelinterior.com\/index.php\/wp-json\/wp\/v2\/users\/1"}],"replies":[{"embeddable":true,"href":"https:\/\/vecinosdelinterior.com\/index.php\/wp-json\/wp\/v2\/comments?post=6585"}],"version-history":[{"count":1,"href":"https:\/\/vecinosdelinterior.com\/index.php\/wp-json\/wp\/v2\/posts\/6585\/revisions"}],"predecessor-version":[{"id":6587,"href":"https:\/\/vecinosdelinterior.com\/index.php\/wp-json\/wp\/v2\/posts\/6585\/revisions\/6587"}],"wp:featuredmedia":[{"embeddable":true,"href":"https:\/\/vecinosdelinterior.com\/index.php\/wp-json\/wp\/v2\/media\/6586"}],"wp:attachment":[{"href":"https:\/\/vecinosdelinterior.com\/index.php\/wp-json\/wp\/v2\/media?parent=6585"}],"wp:term":[{"taxonomy":"category","embeddable":true,"href":"https:\/\/vecinosdelinterior.com\/index.php\/wp-json\/wp\/v2\/categories?post=6585"},{"taxonomy":"post_tag","embeddable":true,"href":"https:\/\/vecinosdelinterior.com\/index.php\/wp-json\/wp\/v2\/tags?post=6585"}],"curies":[{"name":"wp","href":"https:\/\/api.w.org\/{rel}","templated":true}]}}