{"id":6592,"date":"2026-03-10T08:43:10","date_gmt":"2026-03-10T11:43:10","guid":{"rendered":"https:\/\/vecinosdelinterior.com\/?p=6592"},"modified":"2026-03-11T08:44:12","modified_gmt":"2026-03-11T11:44:12","slug":"turistas-de-alemania-viven-una-semana-de-aventura-a-caballo-en-las-sierras-de-san-luis","status":"publish","type":"post","link":"https:\/\/vecinosdelinterior.com\/index.php\/2026\/03\/10\/turistas-de-alemania-viven-una-semana-de-aventura-a-caballo-en-las-sierras-de-san-luis\/","title":{"rendered":"Turistas de Alemania viven una semana de aventura a caballo en las Sierras de San Luis"},"content":{"rendered":"\n<p>VECINOSDELINTERIOR.COM \/ 10 DE MARZO<br>Un grupo de turistas provenientes de Alemania lleg\u00f3 a la provincia para participar de una semana de aventura a caballo en las Sierras Centrales de San Luis, una experiencia que combina naturaleza, cultura gaucha y gastronom\u00eda local en un entorno \u00fanico.<br>La actividad se desarrolla durante una semana en la localidad de La Carolina, en la zona de las Sierras Centrales y en cercan\u00edas del dique de Nogol\u00ed, uno de los paisajes m\u00e1s imponentes de la regi\u00f3n. La propuesta re\u00fane a m\u00e1s de diez visitantes alemanes que viajaron especialmente para vivir esta experiencia tur\u00edstica que permite recorrer las sierras a caballo, conocer tradiciones locales y disfrutar de la identidad cultural del interior puntano.<\/p>\n\n\n\n<figure class=\"wp-block-gallery has-nested-images columns-default is-cropped wp-block-gallery-1 is-layout-flex wp-block-gallery-is-layout-flex\">\n<figure class=\"wp-block-image size-large\"><img fetchpriority=\"high\" decoding=\"async\" width=\"1024\" height=\"576\" data-id=\"6594\" src=\"https:\/\/vecinosdelinterior.com\/wp-content\/uploads\/2026\/03\/WhatsApp-Image-2026-03-09-at-16.30.19-1024x576.jpeg\" alt=\"\" class=\"wp-image-6594\" srcset=\"https:\/\/vecinosdelinterior.com\/wp-content\/uploads\/2026\/03\/WhatsApp-Image-2026-03-09-at-16.30.19-1024x576.jpeg 1024w, https:\/\/vecinosdelinterior.com\/wp-content\/uploads\/2026\/03\/WhatsApp-Image-2026-03-09-at-16.30.19-300x169.jpeg 300w, https:\/\/vecinosdelinterior.com\/wp-content\/uploads\/2026\/03\/WhatsApp-Image-2026-03-09-at-16.30.19-768x432.jpeg 768w, https:\/\/vecinosdelinterior.com\/wp-content\/uploads\/2026\/03\/WhatsApp-Image-2026-03-09-at-16.30.19-1536x864.jpeg 1536w, https:\/\/vecinosdelinterior.com\/wp-content\/uploads\/2026\/03\/WhatsApp-Image-2026-03-09-at-16.30.19-750x422.jpeg 750w, https:\/\/vecinosdelinterior.com\/wp-content\/uploads\/2026\/03\/WhatsApp-Image-2026-03-09-at-16.30.19-1140x641.jpeg 1140w, https:\/\/vecinosdelinterior.com\/wp-content\/uploads\/2026\/03\/WhatsApp-Image-2026-03-09-at-16.30.19.jpeg 1599w\" sizes=\"(max-width: 1024px) 100vw, 1024px\" \/><\/figure>\n\n\n\n<figure class=\"wp-block-image size-large\"><img decoding=\"async\" width=\"500\" height=\"412\" data-id=\"6593\" src=\"https:\/\/vecinosdelinterior.com\/wp-content\/uploads\/2026\/03\/WhatsApp-Image-2026-03-09-at-16.30.18-500x412-1.jpeg\" alt=\"\" class=\"wp-image-6593\" srcset=\"https:\/\/vecinosdelinterior.com\/wp-content\/uploads\/2026\/03\/WhatsApp-Image-2026-03-09-at-16.30.18-500x412-1.jpeg 500w, https:\/\/vecinosdelinterior.com\/wp-content\/uploads\/2026\/03\/WhatsApp-Image-2026-03-09-at-16.30.18-500x412-1-300x247.jpeg 300w\" sizes=\"(max-width: 500px) 100vw, 500px\" \/><\/figure>\n<\/figure>\n\n\n\n<p><br>La experiencia es organizada por Cavalan, proyecto impulsado por el empresario alem\u00e1n Amancio Mendiondo, quien desarroll\u00f3 esta iniciativa en Alemania y decidi\u00f3 traerla tambi\u00e9n a San Luis, Argentina, promoviendo as\u00ed el intercambio cultural y el turismo internacional en la provincia.<br>La actividad tiene una duraci\u00f3n de una semana completa, durante la cual los visitantes recorren distintos paisajes serranos, comparten experiencias vinculadas a la cultura rural y disfrutan de la gastronom\u00eda t\u00edpica de la regi\u00f3n.<br>Este tipo de iniciativas cuentan con el acompa\u00f1amiento del ministerio de Turismo y Cultura de la provincia, que trabaja en la promoci\u00f3n de experiencias aut\u00e9nticas que conectan a los visitantes con la naturaleza, la cultura y las tradiciones de San Luis.<br>La llegada de turistas internacionales para participar de propuestas como esta refleja el creciente inter\u00e9s por experiencias de turismo de naturaleza y cultura, donde los viajeros buscan vivencias genuinas, contacto con el entorno y actividades que les permitan conocer la identidad de cada destino.<br>En ese sentido, San Luis contin\u00faa posicion\u00e1ndose como un lugar ideal para este tipo de turismo experiencial, donde las sierras, los paisajes y las tradiciones locales se convierten en el escenario perfecto para recibir visitantes de distintas partes del mundo.<\/p>\n","protected":false},"excerpt":{"rendered":"<p>VECINOSDELINTERIOR.COM \/ 10 DE MARZOUn grupo de turistas provenientes de Alemania lleg\u00f3 a la provincia para participar de una semana de aventura a caballo en las Sierras Centrales de San Luis, una experiencia que combina naturaleza, cultura gaucha y gastronom\u00eda local en un entorno \u00fanico.La actividad se desarrolla durante una semana en la localidad de [&hellip;]<\/p>\n","protected":false},"author":1,"featured_media":6593,"comment_status":"open","ping_status":"open","sticky":false,"template":"","format":"standard","meta":{"footnotes":""},"categories":[112,2],"tags":[],"class_list":["post-6592","post","type-post","status-publish","format-standard","has-post-thumbnail","hentry","category-la-carolina","category-pringles"],"_links":{"self":[{"href":"https:\/\/vecinosdelinterior.com\/index.php\/wp-json\/wp\/v2\/posts\/6592","targetHints":{"allow":["GET"]}}],"collection":[{"href":"https:\/\/vecinosdelinterior.com\/index.php\/wp-json\/wp\/v2\/posts"}],"about":[{"href":"https:\/\/vecinosdelinterior.com\/index.php\/wp-json\/wp\/v2\/types\/post"}],"author":[{"embeddable":true,"href":"https:\/\/vecinosdelinterior.com\/index.php\/wp-json\/wp\/v2\/users\/1"}],"replies":[{"embeddable":true,"href":"https:\/\/vecinosdelinterior.com\/index.php\/wp-json\/wp\/v2\/comments?post=6592"}],"version-history":[{"count":1,"href":"https:\/\/vecinosdelinterior.com\/index.php\/wp-json\/wp\/v2\/posts\/6592\/revisions"}],"predecessor-version":[{"id":6595,"href":"https:\/\/vecinosdelinterior.com\/index.php\/wp-json\/wp\/v2\/posts\/6592\/revisions\/6595"}],"wp:featuredmedia":[{"embeddable":true,"href":"https:\/\/vecinosdelinterior.com\/index.php\/wp-json\/wp\/v2\/media\/6593"}],"wp:attachment":[{"href":"https:\/\/vecinosdelinterior.com\/index.php\/wp-json\/wp\/v2\/media?parent=6592"}],"wp:term":[{"taxonomy":"category","embeddable":true,"href":"https:\/\/vecinosdelinterior.com\/index.php\/wp-json\/wp\/v2\/categories?post=6592"},{"taxonomy":"post_tag","embeddable":true,"href":"https:\/\/vecinosdelinterior.com\/index.php\/wp-json\/wp\/v2\/tags?post=6592"}],"curies":[{"name":"wp","href":"https:\/\/api.w.org\/{rel}","templated":true}]}}