{"id":66,"date":"2023-07-09T10:23:24","date_gmt":"2023-07-09T13:23:24","guid":{"rendered":"https:\/\/vecinosdelinterior.com\/?p=66"},"modified":"2023-07-09T10:23:24","modified_gmt":"2023-07-09T13:23:24","slug":"feria-de-ciencias-los-nuevos-desafios-pedagogicos-se-lucieron-en-la-toma","status":"publish","type":"post","link":"https:\/\/vecinosdelinterior.com\/index.php\/2023\/07\/09\/feria-de-ciencias-los-nuevos-desafios-pedagogicos-se-lucieron-en-la-toma\/","title":{"rendered":"Feria de Ciencias: los nuevos desaf\u00edos pedag\u00f3gicos se lucieron en La Toma"},"content":{"rendered":"\n<p>Trabajos de todas las \u00e1reas curriculares, atravesados por todos los niveles y modalidades brillaron con una sorprendente jerarqu\u00eda en cada uno de los stands. Ni\u00f1as, ni\u00f1os, j\u00f3venes, adultas, adultos, docentes y la comunidad en general participaron de una exitosa jornada educativa en la localidad.<\/p>\n\n\n\n<p>La propuesta se desarroll\u00f3 este jueves en el Colegio N\u00ba3 \u201cManuel Belgrano\u201d de La Toma este jueves. Lo que sucede en las aulas transforma las vidas y, en ese sentido, cada estudiante expuso a trav\u00e9s de m\u00faltiples proyectos, aquellas experiencias que transitan con sus docentes.<\/p>\n\n\n\n<figure class=\"wp-block-gallery has-nested-images columns-default is-cropped wp-block-gallery-1 is-layout-flex wp-block-gallery-is-layout-flex\">\n<figure class=\"wp-block-image size-large\"><img fetchpriority=\"high\" decoding=\"async\" width=\"1024\" height=\"683\" data-id=\"68\" src=\"https:\/\/vecinosdelinterior.com\/wp-content\/uploads\/2023\/07\/DSC_1514-1024x683.jpg\" alt=\"\" class=\"wp-image-68\" srcset=\"https:\/\/vecinosdelinterior.com\/wp-content\/uploads\/2023\/07\/DSC_1514-1024x683.jpg 1024w, https:\/\/vecinosdelinterior.com\/wp-content\/uploads\/2023\/07\/DSC_1514-300x200.jpg 300w, https:\/\/vecinosdelinterior.com\/wp-content\/uploads\/2023\/07\/DSC_1514-768x512.jpg 768w, https:\/\/vecinosdelinterior.com\/wp-content\/uploads\/2023\/07\/DSC_1514-1536x1024.jpg 1536w, https:\/\/vecinosdelinterior.com\/wp-content\/uploads\/2023\/07\/DSC_1514.jpg 2048w\" sizes=\"(max-width: 1024px) 100vw, 1024px\" \/><\/figure>\n\n\n\n<figure class=\"wp-block-image size-large\"><img decoding=\"async\" width=\"1024\" height=\"683\" data-id=\"69\" src=\"https:\/\/vecinosdelinterior.com\/wp-content\/uploads\/2023\/07\/DSC_1449-1-1024x683.jpg\" alt=\"\" class=\"wp-image-69\" srcset=\"https:\/\/vecinosdelinterior.com\/wp-content\/uploads\/2023\/07\/DSC_1449-1-1024x683.jpg 1024w, https:\/\/vecinosdelinterior.com\/wp-content\/uploads\/2023\/07\/DSC_1449-1-300x200.jpg 300w, https:\/\/vecinosdelinterior.com\/wp-content\/uploads\/2023\/07\/DSC_1449-1-768x512.jpg 768w, https:\/\/vecinosdelinterior.com\/wp-content\/uploads\/2023\/07\/DSC_1449-1-1536x1024.jpg 1536w, https:\/\/vecinosdelinterior.com\/wp-content\/uploads\/2023\/07\/DSC_1449-1.jpg 2048w\" sizes=\"(max-width: 1024px) 100vw, 1024px\" \/><\/figure>\n\n\n\n<figure class=\"wp-block-image size-large\"><img decoding=\"async\" width=\"1024\" height=\"683\" data-id=\"70\" src=\"https:\/\/vecinosdelinterior.com\/wp-content\/uploads\/2023\/07\/DSC_1477-1024x683.jpg\" alt=\"\" class=\"wp-image-70\" srcset=\"https:\/\/vecinosdelinterior.com\/wp-content\/uploads\/2023\/07\/DSC_1477-1024x683.jpg 1024w, https:\/\/vecinosdelinterior.com\/wp-content\/uploads\/2023\/07\/DSC_1477-300x200.jpg 300w, https:\/\/vecinosdelinterior.com\/wp-content\/uploads\/2023\/07\/DSC_1477-768x512.jpg 768w, https:\/\/vecinosdelinterior.com\/wp-content\/uploads\/2023\/07\/DSC_1477-1536x1024.jpg 1536w, https:\/\/vecinosdelinterior.com\/wp-content\/uploads\/2023\/07\/DSC_1477.jpg 2048w\" sizes=\"(max-width: 1024px) 100vw, 1024px\" \/><\/figure>\n<\/figure>\n\n\n\n<p>\u201cPara facilitar el modo de estudio realizamos maquetas de ADN, cromosomas y n\u00facleos celulares, me parece genial que podamos hacer esto ya que la gente viene a vernos y aprende algo nuevo\u201d, precis\u00f3 Bautista Carranza junto a su grupo. La profesora de Biolog\u00eda detall\u00f3 que los elementos se elaboraron con materiales reciclables e incorporaron maneras originales de aplicar la teor\u00eda empleando el ingenio y la creatividad.<\/p>\n\n\n\n<p>Desde esta posici\u00f3n, las pr\u00e1cticas de ense\u00f1anzas que impulsan las Ferias de Ciencias promueven las palabras, las grandes ideas y transformaciones que buscan generar en la comunidad. A partir de un esp\u00edritu cr\u00edtico e investigativo que evidencia no solo el vital trabajo docente, sino tambi\u00e9n la construcci\u00f3n de una trama \u201ctejida\u201d en el aula a lo largo de varios meses.<\/p>\n\n\n\n<p>\u201cPropusimos un estudio llamado \u2018Mediaci\u00f3n\u2019 como herramienta para resolver los conflictos dentro de la sociedad. Queremos transmitir que hay buenas formas de solucionar determinadas problem\u00e1ticas y que para eso es importante tener acceso a la informaci\u00f3n\u201d, dijo Malena Barroso Su\u00e1rez de 1\u00ba a\u00f1o del Colegio \u201cManuel Belgrano\u201d.<\/p>\n\n\n\n<p>La peculiaridad de ser protagonistas y tener un rol activo en el camino del aprendizaje es una experiencia \u00fanica y vasta de enriquecimiento para ellos, al desarrollar habilidades de comunicaci\u00f3n, mediante la exposici\u00f3n de sus producciones cient\u00edficas, art\u00edsticas o tecnol\u00f3gicas.<\/p>\n\n\n\n<p>Sofia Mart\u00ednez, es alumna de 5\u00ba a\u00f1o y present\u00f3 un proyecto junto a sus compa\u00f1eros denominado \u2018Educaci\u00f3n Vial\u2019. \u201cEs muy importante para nosotros generar conciencia en la sociedad sobre el manejo de los medios de transporte para evitar accidentes\u201d, destac\u00f3 la alumna. Por su parte, Yolanda Gatica, quien es la docente a cargo remarc\u00f3 que dicha investigaci\u00f3n fue declarada de inter\u00e9s Legislativo, Educativo y Cultural por la C\u00e1mara de Diputados de la Provincia y el Honorable Concejo Deliberante.<\/p>\n\n\n\n<p>Las Ferias de Ciencias otorgan la oportunidad de que las instituciones puedan exhibir todo su potencial, a la vez que permiten incentivar actitudes, valores y vocaciones en las y los estudiantes. \u201cAlas de Acci\u00f3n\u201d es el nombre de otra atractiva presentaci\u00f3n, la maestra Gabriela Garc\u00eda indic\u00f3 que el objetivo de este proyecto se basa en promover la s\u00f3lida construcci\u00f3n del autoestima, gestionar las emociones, estimular la imaginaci\u00f3n y brindar un ambiente escolar propicio para cada ni\u00f1a y ni\u00f1o por medio de la ense\u00f1anza l\u00fadica.<\/p>\n\n\n\n<p>La actividad estuvo acompa\u00f1ada por todas las \u00e1reas articuladas del municipio junto a representantes del Ministerio de Educaci\u00f3n donde el Estado provincial celebr\u00f3 una vez m\u00e1s la posibilidad de un encuentro con novedosos espacios de intercambios entre familias, estudiantes e instituciones educativas.<\/p>\n","protected":false},"excerpt":{"rendered":"<p>Trabajos de todas las \u00e1reas curriculares, atravesados por todos los niveles y modalidades brillaron con una sorprendente jerarqu\u00eda en cada uno de los stands. Ni\u00f1as, ni\u00f1os, j\u00f3venes, adultas, adultos, docentes y la comunidad en general participaron de una exitosa jornada educativa en la localidad. La propuesta se desarroll\u00f3 este jueves en el Colegio N\u00ba3 \u201cManuel [&hellip;]<\/p>\n","protected":false},"author":1,"featured_media":67,"comment_status":"open","ping_status":"open","sticky":false,"template":"","format":"standard","meta":{"footnotes":""},"categories":[3,2],"tags":[35,6],"class_list":["post-66","post","type-post","status-publish","format-standard","has-post-thumbnail","hentry","category-la-toma","category-pringles","tag-feria-de-ciencias","tag-la-toma"],"_links":{"self":[{"href":"https:\/\/vecinosdelinterior.com\/index.php\/wp-json\/wp\/v2\/posts\/66","targetHints":{"allow":["GET"]}}],"collection":[{"href":"https:\/\/vecinosdelinterior.com\/index.php\/wp-json\/wp\/v2\/posts"}],"about":[{"href":"https:\/\/vecinosdelinterior.com\/index.php\/wp-json\/wp\/v2\/types\/post"}],"author":[{"embeddable":true,"href":"https:\/\/vecinosdelinterior.com\/index.php\/wp-json\/wp\/v2\/users\/1"}],"replies":[{"embeddable":true,"href":"https:\/\/vecinosdelinterior.com\/index.php\/wp-json\/wp\/v2\/comments?post=66"}],"version-history":[{"count":1,"href":"https:\/\/vecinosdelinterior.com\/index.php\/wp-json\/wp\/v2\/posts\/66\/revisions"}],"predecessor-version":[{"id":71,"href":"https:\/\/vecinosdelinterior.com\/index.php\/wp-json\/wp\/v2\/posts\/66\/revisions\/71"}],"wp:featuredmedia":[{"embeddable":true,"href":"https:\/\/vecinosdelinterior.com\/index.php\/wp-json\/wp\/v2\/media\/67"}],"wp:attachment":[{"href":"https:\/\/vecinosdelinterior.com\/index.php\/wp-json\/wp\/v2\/media?parent=66"}],"wp:term":[{"taxonomy":"category","embeddable":true,"href":"https:\/\/vecinosdelinterior.com\/index.php\/wp-json\/wp\/v2\/categories?post=66"},{"taxonomy":"post_tag","embeddable":true,"href":"https:\/\/vecinosdelinterior.com\/index.php\/wp-json\/wp\/v2\/tags?post=66"}],"curies":[{"name":"wp","href":"https:\/\/api.w.org\/{rel}","templated":true}]}}