{"id":6603,"date":"2026-03-11T15:42:17","date_gmt":"2026-03-11T18:42:17","guid":{"rendered":"https:\/\/vecinosdelinterior.com\/?p=6603"},"modified":"2026-03-11T15:42:17","modified_gmt":"2026-03-11T18:42:17","slug":"asisten-a-familias-afectadas-por-las-inundaciones-en-el-departamento-san-martin","status":"publish","type":"post","link":"https:\/\/vecinosdelinterior.com\/index.php\/2026\/03\/11\/asisten-a-familias-afectadas-por-las-inundaciones-en-el-departamento-san-martin\/","title":{"rendered":"Asisten a familias afectadas por las inundaciones en el departamento San Mart\u00edn"},"content":{"rendered":"\n<p>VECINOSDELINTERIOR.COM \/ 11 DE MARZO<\/p>\n\n\n\n<p>El Gobierno provincial despleg\u00f3 un operativo de asistencia con alimentos, kits de limpieza y otros insumos para vecinos damnificados por las lluvias y crecidas de r\u00edos en el norte de la provincia.<\/p>\n\n\n\n<p>Las acciones se llevan adelante de manera coordinada entre el ministerio de Desarrollo Productivo, el de Desarrollo Humano y la direcci\u00f3n Provincial de Vialidad, junto con autoridades municipales de la regi\u00f3n, brindando asistencia a las familias afectadas por las intensas lluvias y la crecida de los r\u00edos en el departamento San Mart\u00edn.<\/p>\n\n\n\n<p>Durante los \u00faltimos d\u00edas se entregaron bolsones de alimentos, kits de limpieza, pa\u00f1ales y leche a familias que resultaron damnificadas o quedaron aisladas a ra\u00edz de las precipitaciones. Las entregas se realizaron entre el viernes y el lunes, mientras que para las pr\u00f3ximas horas est\u00e1 prevista la distribuci\u00f3n de agua.<\/p>\n\n\n\n<p>\u201cEstamos asistiendo al departamento San Mart\u00edn El operativo en el marco de la emergencia que atraviesan las familias a ra\u00edz de los fuertes temporales, y tambi\u00e9n como parte del plan de acompa\u00f1amiento y reconstrucci\u00f3n que impulsa la Provincia. Llevamos bolsones de alimentos, kits de limpieza, pa\u00f1ales y leche. Cuando baje un poco el nivel del agua vamos a relevar a las familias m\u00e1s afectadas para coordinar, en caso de que necesiten, otro tipo de asistencia en conjunto con la direcci\u00f3n de Vialidad\u201d, explic\u00f3 Diego Pierdominici, director de Producci\u00f3n Familiar.<\/p>\n\n\n\n<p>Adem\u00e1s de la asistencia directa, los equipos provinciales avanzan en la planificaci\u00f3n de tareas para recuperar la infraestructura da\u00f1ada. \u201cSe prev\u00e9 intervenir en el vado ubicado en el paraje Los Piquillines, que result\u00f3 afectado tras la crecida del r\u00edo y dej\u00f3 a vecinos de la zona con dificultades de acceso\u201d se\u00f1al\u00f3 Pierdominici y agreg\u00f3 que \u201cLos operativos continuar\u00e1n durante los pr\u00f3ximos d\u00edas para garantizar el acompa\u00f1amiento a las familias afectadas y avanzar en la recuperaci\u00f3n de las zonas impactadas por el temporal\u201d.<\/p>\n","protected":false},"excerpt":{"rendered":"<p>VECINOSDELINTERIOR.COM \/ 11 DE MARZO El Gobierno provincial despleg\u00f3 un operativo de asistencia con alimentos, kits de limpieza y otros insumos para vecinos damnificados por las lluvias y crecidas de r\u00edos en el norte de la provincia. Las acciones se llevan adelante de manera coordinada entre el ministerio de Desarrollo Productivo, el de Desarrollo Humano [&hellip;]<\/p>\n","protected":false},"author":1,"featured_media":6604,"comment_status":"open","ping_status":"open","sticky":false,"template":"","format":"standard","meta":{"footnotes":""},"categories":[67],"tags":[],"class_list":["post-6603","post","type-post","status-publish","format-standard","has-post-thumbnail","hentry","category-san-martin"],"_links":{"self":[{"href":"https:\/\/vecinosdelinterior.com\/index.php\/wp-json\/wp\/v2\/posts\/6603","targetHints":{"allow":["GET"]}}],"collection":[{"href":"https:\/\/vecinosdelinterior.com\/index.php\/wp-json\/wp\/v2\/posts"}],"about":[{"href":"https:\/\/vecinosdelinterior.com\/index.php\/wp-json\/wp\/v2\/types\/post"}],"author":[{"embeddable":true,"href":"https:\/\/vecinosdelinterior.com\/index.php\/wp-json\/wp\/v2\/users\/1"}],"replies":[{"embeddable":true,"href":"https:\/\/vecinosdelinterior.com\/index.php\/wp-json\/wp\/v2\/comments?post=6603"}],"version-history":[{"count":1,"href":"https:\/\/vecinosdelinterior.com\/index.php\/wp-json\/wp\/v2\/posts\/6603\/revisions"}],"predecessor-version":[{"id":6605,"href":"https:\/\/vecinosdelinterior.com\/index.php\/wp-json\/wp\/v2\/posts\/6603\/revisions\/6605"}],"wp:featuredmedia":[{"embeddable":true,"href":"https:\/\/vecinosdelinterior.com\/index.php\/wp-json\/wp\/v2\/media\/6604"}],"wp:attachment":[{"href":"https:\/\/vecinosdelinterior.com\/index.php\/wp-json\/wp\/v2\/media?parent=6603"}],"wp:term":[{"taxonomy":"category","embeddable":true,"href":"https:\/\/vecinosdelinterior.com\/index.php\/wp-json\/wp\/v2\/categories?post=6603"},{"taxonomy":"post_tag","embeddable":true,"href":"https:\/\/vecinosdelinterior.com\/index.php\/wp-json\/wp\/v2\/tags?post=6603"}],"curies":[{"name":"wp","href":"https:\/\/api.w.org\/{rel}","templated":true}]}}