{"id":6606,"date":"2026-03-11T15:47:14","date_gmt":"2026-03-11T18:47:14","guid":{"rendered":"https:\/\/vecinosdelinterior.com\/?p=6606"},"modified":"2026-03-11T15:47:14","modified_gmt":"2026-03-11T18:47:14","slug":"comenzo-la-39-edicion-de-la-travesia-enlazando-valles","status":"publish","type":"post","link":"https:\/\/vecinosdelinterior.com\/index.php\/2026\/03\/11\/comenzo-la-39-edicion-de-la-travesia-enlazando-valles\/","title":{"rendered":"Comenz\u00f3 la 39\u00b0 edici\u00f3n de la Traves\u00eda Enlazando Valles"},"content":{"rendered":"\n<p><\/p>\n\n\n\n<p>Esta tradicional cabalgata une cultura y paisajes entre San Luis y C\u00f3rdoba. Con esp\u00edritu criollo, paisajes serranos y el orgullo de mantener vivas las tradiciones, comenz\u00f3 una nueva edici\u00f3n de la tradicional Traves\u00eda Enlazando Valles, que este a\u00f1o se consolida como una de las experiencias culturales y tur\u00edsticas m\u00e1s representativas de la regi\u00f3n.<\/p>\n\n\n\n<p>La 39\u00b0 edici\u00f3n de la Traves\u00eda Enlazando Valles comenz\u00f3 este mi\u00e9rcoles por la ma\u00f1ana, reuniendo a jinetes que emprenden un recorrido a caballo desde Cortaderas, en la provincia de San Luis, hacia R\u00edo de los Sauces, en C\u00f3rdoba, atravesando los imponentes paisajes de las Sierras de los Comechingones. A lo largo del trayecto, los participantes recorren antiguos senderos serranos que durante generaciones han conectado comunidades y culturas a ambos lados de la sierra.<\/p>\n\n\n\n<figure class=\"wp-block-gallery has-nested-images columns-default is-cropped wp-block-gallery-1 is-layout-flex wp-block-gallery-is-layout-flex\">\n<figure class=\"wp-block-image size-large\"><img fetchpriority=\"high\" decoding=\"async\" width=\"500\" height=\"412\" data-id=\"6607\" src=\"https:\/\/vecinosdelinterior.com\/wp-content\/uploads\/2026\/03\/TRAVESIA-ENLAZANDO-VALLES-1-500x412-1.jpg\" alt=\"\" class=\"wp-image-6607\" srcset=\"https:\/\/vecinosdelinterior.com\/wp-content\/uploads\/2026\/03\/TRAVESIA-ENLAZANDO-VALLES-1-500x412-1.jpg 500w, https:\/\/vecinosdelinterior.com\/wp-content\/uploads\/2026\/03\/TRAVESIA-ENLAZANDO-VALLES-1-500x412-1-300x247.jpg 300w\" sizes=\"(max-width: 500px) 100vw, 500px\" \/><\/figure>\n\n\n\n<figure class=\"wp-block-image size-large\"><img decoding=\"async\" width=\"1024\" height=\"768\" data-id=\"6608\" src=\"https:\/\/vecinosdelinterior.com\/wp-content\/uploads\/2026\/03\/TRAVESIA-ENLAZANDO-VALLES-2-1024x768.jpg\" alt=\"\" class=\"wp-image-6608\" srcset=\"https:\/\/vecinosdelinterior.com\/wp-content\/uploads\/2026\/03\/TRAVESIA-ENLAZANDO-VALLES-2-1024x768.jpg 1024w, https:\/\/vecinosdelinterior.com\/wp-content\/uploads\/2026\/03\/TRAVESIA-ENLAZANDO-VALLES-2-300x225.jpg 300w, https:\/\/vecinosdelinterior.com\/wp-content\/uploads\/2026\/03\/TRAVESIA-ENLAZANDO-VALLES-2-768x576.jpg 768w, https:\/\/vecinosdelinterior.com\/wp-content\/uploads\/2026\/03\/TRAVESIA-ENLAZANDO-VALLES-2-1536x1152.jpg 1536w, https:\/\/vecinosdelinterior.com\/wp-content\/uploads\/2026\/03\/TRAVESIA-ENLAZANDO-VALLES-2-750x563.jpg 750w, https:\/\/vecinosdelinterior.com\/wp-content\/uploads\/2026\/03\/TRAVESIA-ENLAZANDO-VALLES-2-1140x855.jpg 1140w, https:\/\/vecinosdelinterior.com\/wp-content\/uploads\/2026\/03\/TRAVESIA-ENLAZANDO-VALLES-2.jpg 1600w\" sizes=\"(max-width: 1024px) 100vw, 1024px\" \/><\/figure>\n<\/figure>\n\n\n\n<p><\/p>\n\n\n\n<p>M\u00e1s que un simple viaje a caballo, la Traves\u00eda Enlazando Valles se ha convertido con el paso del tiempo en un s\u00edmbolo de identidad regional, donde la tradici\u00f3n gaucha, la camarader\u00eda y el amor por la tierra se manifiestan en cada kil\u00f3metro recorrido. Durante casi cuatro d\u00e9cadas, esta actividad ha logrado preservar costumbres vinculadas al caballo, la vida rural y la transmisi\u00f3n de valores culturales entre generaciones.<\/p>\n\n\n\n<p>Adem\u00e1s de su profundo valor cultural, la traves\u00eda tambi\u00e9n representa un atractivo tur\u00edstico destacado, ya que pone en valor los paisajes serranos, promueve el turismo de naturaleza y fortalece los v\u00ednculos entre localidades de San Luis y C\u00f3rdoba. Cada a\u00f1o, vecinos, visitantes y amantes de las tradiciones siguen con entusiasmo el recorrido de los jinetes, que se convierte en una verdadera celebraci\u00f3n del patrimonio regional.<\/p>\n\n\n\n<p>En Cortaderas, organizadores y vecinos despidieron a los jinetes dese\u00e1ndoles un viaje seguro y lleno de buenos momentos, esperando su regreso para compartir juntos las Fiestas Patronales del 18 y 19 de marzo, donde la traves\u00eda volver\u00e1 a ser protagonista de una celebraci\u00f3n cargada de fe, cultura y tradici\u00f3n.<\/p>\n\n\n\n<p>De esta manera, la Traves\u00eda Enlazando Valles se consolida como un ejemplo de cultura, identidad y tradici\u00f3n, reafirmando el orgullo de los pueblos que a\u00f1o tras a\u00f1o acompa\u00f1an y mantienen viva esta emblem\u00e1tica experiencia serrana.<\/p>\n","protected":false},"excerpt":{"rendered":"<p>Esta tradicional cabalgata une cultura y paisajes entre San Luis y C\u00f3rdoba. Con esp\u00edritu criollo, paisajes serranos y el orgullo de mantener vivas las tradiciones, comenz\u00f3 una nueva edici\u00f3n de la tradicional Traves\u00eda Enlazando Valles, que este a\u00f1o se consolida como una de las experiencias culturales y tur\u00edsticas m\u00e1s representativas de la regi\u00f3n. La 39\u00b0 [&hellip;]<\/p>\n","protected":false},"author":1,"featured_media":6607,"comment_status":"open","ping_status":"open","sticky":false,"template":"","format":"standard","meta":{"footnotes":""},"categories":[29,275],"tags":[391],"class_list":["post-6606","post","type-post","status-publish","format-standard","has-post-thumbnail","hentry","category-chacabuco","category-cortaderas","tag-eventos"],"_links":{"self":[{"href":"https:\/\/vecinosdelinterior.com\/index.php\/wp-json\/wp\/v2\/posts\/6606","targetHints":{"allow":["GET"]}}],"collection":[{"href":"https:\/\/vecinosdelinterior.com\/index.php\/wp-json\/wp\/v2\/posts"}],"about":[{"href":"https:\/\/vecinosdelinterior.com\/index.php\/wp-json\/wp\/v2\/types\/post"}],"author":[{"embeddable":true,"href":"https:\/\/vecinosdelinterior.com\/index.php\/wp-json\/wp\/v2\/users\/1"}],"replies":[{"embeddable":true,"href":"https:\/\/vecinosdelinterior.com\/index.php\/wp-json\/wp\/v2\/comments?post=6606"}],"version-history":[{"count":1,"href":"https:\/\/vecinosdelinterior.com\/index.php\/wp-json\/wp\/v2\/posts\/6606\/revisions"}],"predecessor-version":[{"id":6609,"href":"https:\/\/vecinosdelinterior.com\/index.php\/wp-json\/wp\/v2\/posts\/6606\/revisions\/6609"}],"wp:featuredmedia":[{"embeddable":true,"href":"https:\/\/vecinosdelinterior.com\/index.php\/wp-json\/wp\/v2\/media\/6607"}],"wp:attachment":[{"href":"https:\/\/vecinosdelinterior.com\/index.php\/wp-json\/wp\/v2\/media?parent=6606"}],"wp:term":[{"taxonomy":"category","embeddable":true,"href":"https:\/\/vecinosdelinterior.com\/index.php\/wp-json\/wp\/v2\/categories?post=6606"},{"taxonomy":"post_tag","embeddable":true,"href":"https:\/\/vecinosdelinterior.com\/index.php\/wp-json\/wp\/v2\/tags?post=6606"}],"curies":[{"name":"wp","href":"https:\/\/api.w.org\/{rel}","templated":true}]}}