{"id":6613,"date":"2026-03-12T11:19:02","date_gmt":"2026-03-12T14:19:02","guid":{"rendered":"https:\/\/vecinosdelinterior.com\/?p=6613"},"modified":"2026-03-12T11:19:03","modified_gmt":"2026-03-12T14:19:03","slug":"quines-la-policia-realizo-un-allanamiento-por-una-causa-de-hurto-y-secuestro-distintos-elementos","status":"publish","type":"post","link":"https:\/\/vecinosdelinterior.com\/index.php\/2026\/03\/12\/quines-la-policia-realizo-un-allanamiento-por-una-causa-de-hurto-y-secuestro-distintos-elementos\/","title":{"rendered":"Quines: la Polic\u00eda realiz\u00f3 un allanamiento por una causa de hurto y secuestr\u00f3 distintos elementos"},"content":{"rendered":"\n<p>VECINOSDELINTERIOR.COM \/ 12 DE MARZO<br>Este mi\u00e9rcoles 11 de marzo, polic\u00edas de la Comisar\u00eda Distrito 15\u00b0 llevaron a cabo un allanamiento en Quines, en el marco de una causa caratulada \u201cAveriguaci\u00f3n hurto\u201d, en la que interviene la Unidad de Abordaje Fiscal de la Primera Circunscripci\u00f3n Judicial.<br>La investigaci\u00f3n surgi\u00f3 a partir de un hecho ocurrido el pasado 3 de marzo, donde desconocidos ingresaron a una vivienda de la localidad, mientras los propietarios no se encontraban, y sustrajeron una gran cantidad de objetos, entre ellos un teclado el\u00e9ctrico, un convertidor Smart TV, electrodom\u00e9sticos, un ventilador de pie, vajilla, entre otras pertenencias.<br>En base a las tareas investigativas llevadas a cabo por el personal policial de la Comisar\u00eda Distrito 15\u00b0 y de las distintas pruebas aportadas, desde Juzgado de Garant\u00eda N\u00b0 2 de la Primera Circunscripci\u00f3n Judicial se orden\u00f3 un allanamiento en un domicilio ubicado en avenida C\u00f3rdoba, entre las calles Capit\u00e1n Ortiz y 20 de Noviembre.<br>En ese sitio, los polic\u00edas recuperaron y secuestraron algunos de los elementos que hab\u00edan sido denunciados como sustra\u00eddos y otros objetos que son materia de investigaci\u00f3n.<br>Todo lo secuestrado qued\u00f3 a disposici\u00f3n de la Justicia provincial en el marco de la continuidad de la investigaci\u00f3n.<\/p>\n","protected":false},"excerpt":{"rendered":"<p>VECINOSDELINTERIOR.COM \/ 12 DE MARZOEste mi\u00e9rcoles 11 de marzo, polic\u00edas de la Comisar\u00eda Distrito 15\u00b0 llevaron a cabo un allanamiento en Quines, en el marco de una causa caratulada \u201cAveriguaci\u00f3n hurto\u201d, en la que interviene la Unidad de Abordaje Fiscal de la Primera Circunscripci\u00f3n Judicial.La investigaci\u00f3n surgi\u00f3 a partir de un hecho ocurrido el pasado [&hellip;]<\/p>\n","protected":false},"author":1,"featured_media":6614,"comment_status":"open","ping_status":"open","sticky":false,"template":"","format":"standard","meta":{"footnotes":""},"categories":[8,54],"tags":[],"class_list":["post-6613","post","type-post","status-publish","format-standard","has-post-thumbnail","hentry","category-ayacucho","category-quines-ayacucho"],"_links":{"self":[{"href":"https:\/\/vecinosdelinterior.com\/index.php\/wp-json\/wp\/v2\/posts\/6613","targetHints":{"allow":["GET"]}}],"collection":[{"href":"https:\/\/vecinosdelinterior.com\/index.php\/wp-json\/wp\/v2\/posts"}],"about":[{"href":"https:\/\/vecinosdelinterior.com\/index.php\/wp-json\/wp\/v2\/types\/post"}],"author":[{"embeddable":true,"href":"https:\/\/vecinosdelinterior.com\/index.php\/wp-json\/wp\/v2\/users\/1"}],"replies":[{"embeddable":true,"href":"https:\/\/vecinosdelinterior.com\/index.php\/wp-json\/wp\/v2\/comments?post=6613"}],"version-history":[{"count":1,"href":"https:\/\/vecinosdelinterior.com\/index.php\/wp-json\/wp\/v2\/posts\/6613\/revisions"}],"predecessor-version":[{"id":6615,"href":"https:\/\/vecinosdelinterior.com\/index.php\/wp-json\/wp\/v2\/posts\/6613\/revisions\/6615"}],"wp:featuredmedia":[{"embeddable":true,"href":"https:\/\/vecinosdelinterior.com\/index.php\/wp-json\/wp\/v2\/media\/6614"}],"wp:attachment":[{"href":"https:\/\/vecinosdelinterior.com\/index.php\/wp-json\/wp\/v2\/media?parent=6613"}],"wp:term":[{"taxonomy":"category","embeddable":true,"href":"https:\/\/vecinosdelinterior.com\/index.php\/wp-json\/wp\/v2\/categories?post=6613"},{"taxonomy":"post_tag","embeddable":true,"href":"https:\/\/vecinosdelinterior.com\/index.php\/wp-json\/wp\/v2\/tags?post=6613"}],"curies":[{"name":"wp","href":"https:\/\/api.w.org\/{rel}","templated":true}]}}