{"id":6616,"date":"2026-03-12T22:49:09","date_gmt":"2026-03-13T01:49:09","guid":{"rendered":"https:\/\/vecinosdelinterior.com\/?p=6616"},"modified":"2026-03-12T22:49:10","modified_gmt":"2026-03-13T01:49:10","slug":"la-justicia-de-faltas-aplico-multa-de-332-000-por-un-caso-de-mordedura-de-perro-en-naschel","status":"publish","type":"post","link":"https:\/\/vecinosdelinterior.com\/index.php\/2026\/03\/12\/la-justicia-de-faltas-aplico-multa-de-332-000-por-un-caso-de-mordedura-de-perro-en-naschel\/","title":{"rendered":"La Justicia de Faltas aplic\u00f3 multa de $332.000 por un caso de mordedura de perro en Naschel"},"content":{"rendered":"\n<p>El Juzgado Administrativo Municipal de Faltas de Naschel resolvi\u00f3 aplicar una multa de $332.000 en un caso vinculado a la tenencia responsable de animales, luego de un incidente en el que una persona result\u00f3 afectada por la mordedura de un perro.<br>Cabe destacar que el propietario del can asumi\u00f3 la responsabilidad haci\u00e9ndose cargo del incidente, colaborando adem\u00e1s con los gastos m\u00e9dicos del vecino que fue v\u00edctima de la mordedura de su perro, aunque en el momento del ataque del animal, hab\u00eda otros m\u00e1s en el lugar.<br>De acuerdo con lo informado en el acta correspondiente, el hecho fue registrado previamente mediante una exposici\u00f3n policial y posteriormente analizado por la autoridad administrativa municipal, que intervino en el marco de las ordenanzas locales vigentes sobre convivencia y control de animales.<br>Tras evaluar las circunstancias del caso, el juzgado dispuso la sanci\u00f3n econ\u00f3mica conforme a lo establecido en la normativa municipal.<br>Desde el \u00e1mbito institucional se\u00f1alaron que este tipo de medidas busca reforzar el cumplimiento de las normas y generar conciencia sobre la tenencia responsable de mascotas, recordando que quienes poseen animales deben garantizar su control y cuidado para evitar situaciones que puedan poner en riesgo a otras personas.<br>Las autoridades remarcaron adem\u00e1s que la aplicaci\u00f3n de sanciones forma parte de las herramientas previstas por la normativa local para promover una convivencia segura y responsable dentro de la comunidad, fomentando al mismo tiempo el cuidado adecuado de los animales.<br>Fuente: municipalidad de Naschel<\/p>\n","protected":false},"excerpt":{"rendered":"<p>El Juzgado Administrativo Municipal de Faltas de Naschel resolvi\u00f3 aplicar una multa de $332.000 en un caso vinculado a la tenencia responsable de animales, luego de un incidente en el que una persona result\u00f3 afectada por la mordedura de un perro.Cabe destacar que el propietario del can asumi\u00f3 la responsabilidad haci\u00e9ndose cargo del incidente, colaborando [&hellip;]<\/p>\n","protected":false},"author":1,"featured_media":6617,"comment_status":"open","ping_status":"open","sticky":false,"template":"","format":"standard","meta":{"footnotes":""},"categories":[29,91],"tags":[],"class_list":["post-6616","post","type-post","status-publish","format-standard","has-post-thumbnail","hentry","category-chacabuco","category-naschel"],"_links":{"self":[{"href":"https:\/\/vecinosdelinterior.com\/index.php\/wp-json\/wp\/v2\/posts\/6616","targetHints":{"allow":["GET"]}}],"collection":[{"href":"https:\/\/vecinosdelinterior.com\/index.php\/wp-json\/wp\/v2\/posts"}],"about":[{"href":"https:\/\/vecinosdelinterior.com\/index.php\/wp-json\/wp\/v2\/types\/post"}],"author":[{"embeddable":true,"href":"https:\/\/vecinosdelinterior.com\/index.php\/wp-json\/wp\/v2\/users\/1"}],"replies":[{"embeddable":true,"href":"https:\/\/vecinosdelinterior.com\/index.php\/wp-json\/wp\/v2\/comments?post=6616"}],"version-history":[{"count":1,"href":"https:\/\/vecinosdelinterior.com\/index.php\/wp-json\/wp\/v2\/posts\/6616\/revisions"}],"predecessor-version":[{"id":6618,"href":"https:\/\/vecinosdelinterior.com\/index.php\/wp-json\/wp\/v2\/posts\/6616\/revisions\/6618"}],"wp:featuredmedia":[{"embeddable":true,"href":"https:\/\/vecinosdelinterior.com\/index.php\/wp-json\/wp\/v2\/media\/6617"}],"wp:attachment":[{"href":"https:\/\/vecinosdelinterior.com\/index.php\/wp-json\/wp\/v2\/media?parent=6616"}],"wp:term":[{"taxonomy":"category","embeddable":true,"href":"https:\/\/vecinosdelinterior.com\/index.php\/wp-json\/wp\/v2\/categories?post=6616"},{"taxonomy":"post_tag","embeddable":true,"href":"https:\/\/vecinosdelinterior.com\/index.php\/wp-json\/wp\/v2\/tags?post=6616"}],"curies":[{"name":"wp","href":"https:\/\/api.w.org\/{rel}","templated":true}]}}