{"id":6619,"date":"2026-03-13T15:05:58","date_gmt":"2026-03-13T18:05:58","guid":{"rendered":"https:\/\/vecinosdelinterior.com\/?p=6619"},"modified":"2026-03-13T15:05:58","modified_gmt":"2026-03-13T18:05:58","slug":"este-domingo-se-inaugura-la-exposicion-invernadero-en-la-carolina","status":"publish","type":"post","link":"https:\/\/vecinosdelinterior.com\/index.php\/2026\/03\/13\/este-domingo-se-inaugura-la-exposicion-invernadero-en-la-carolina\/","title":{"rendered":"Este domingo se inaugura la exposici\u00f3n \u2018Invernadero\u2019 en La Carolina"},"content":{"rendered":"\n<p>VECINOSDELINTERIOR.COM \/ 13 DE MARZO<\/p>\n\n\n\n<p>A las 16:00, en el Museo de la Poes\u00eda, la artista Eugenia Paone presentar\u00e1 una selecci\u00f3n de sus obras m\u00e1s recientes realizadas en acr\u00edlico y tinta.<\/p>\n\n\n\n<p>La propuesta invita a recorrer coordenadas singulares donde el movimiento y las formas se despliegan con vibraci\u00f3n o sutileza. As\u00ed, la memoria conceptual de la muestra indica que \u2018Invernadero\u2019 propone la idea de un jard\u00edn propio donde cultivar con deseo: un refugio vital de artificio, un santuario de plantas imaginarias y de especies que evocan otras distintas, habitado por mujeres que moran en s\u00ed mismas. Se trata de un estilo que habilita el brote fuera del tiempo, donde p\u00e1jaros permanecen encapsulados entre antiguas floraciones fr\u00e1giles y minuciosas.<\/p>\n\n\n\n<p>Con entrada libre y gratuita, la exposici\u00f3n podr\u00e1 visitarse hasta el martes 31 de marzo. Cuenta con el apoyo de AVA San Luis (Artistas Visuales Agrupados de San Luis).<\/p>\n\n\n\n<p>\u201cEstoy muy contenta y agradecida por esta oportunidad de presentarme en La Carolina. Hace muchos a\u00f1os que trabajo con t\u00e9cnicas como la fotograf\u00eda y el arte digital, pero ahora presento \u00fanicamente trabajos en pintura y tinta. El t\u00edtulo de la muestra tambi\u00e9n est\u00e1 vinculado a la idea de recolectar aquellas obras dispersas que fui realizando en los \u00faltimos a\u00f1os. Muchas de ellas se relacionan con la bot\u00e1nica y con ciertos patrones org\u00e1nicos que me permitieron desarrollar nuevas conexiones creativas\u201d, coment\u00f3 Eugenia.<\/p>\n\n\n\n<p>\u201cAl mismo tiempo, considero que esta pr\u00e1ctica art\u00edstica permite revisar el corpus de obras: volver a mirar, seleccionar y reorganizar resulta interesante porque en ese proceso aparecen otras ideas y combinaciones\u201d, expres\u00f3.<\/p>\n\n\n\n<p>M\u00e1s sobre la artista<\/p>\n\n\n\n<p>Eugenia Paone es licenciada en Publicidad, Dise\u00f1o y Comunicaci\u00f3n. Su formaci\u00f3n art\u00edstica abarca diversas \u00e1reas, entre ellas el dise\u00f1o gr\u00e1fico, la escritura creativa, el teatro, el dibujo-movimiento, la cer\u00e1mica en gres, la ilustraci\u00f3n narrativa y la fotograf\u00eda. Actualmente se desempe\u00f1a como jefa de c\u00e1tedra y creadora del programa de la materia Ilustraci\u00f3n Narrativa de la carrera de Artes Visuales en la Universidad Nacional de Los Comechingones.<\/p>\n\n\n\n<p>Tambi\u00e9n ha sido creadora y facilitadora de diversas capacitaciones en Artes Integradas, Fotomontaje y Dibujo-Movimiento destinadas a docentes de artes visuales, organizadas por la Universidad de La Punta. De manera independiente brind\u00f3 capacitaciones de creatividad para artistas y escritores en San Luis y desarroll\u00f3 propuestas de Arte y Movimiento en Bogot\u00e1, Colombia, organizadas por la Fundaci\u00f3n Diverza.<\/p>\n\n\n\n<p>En artes visuales realiz\u00f3 dos exposiciones individuales de fotomontaje surrealista con la mujer como eje central, tituladas \u2018Diosas Paganas\u2019 y \u2018Eufemismo\u2019. Adem\u00e1s, particip\u00f3 en cuatro ediciones del Sal\u00f3n Arte San Luis realizadas en el Hotel Internacional Potrero de los Funes entre 2022 y 2025, y form\u00f3 parte de diversas exposiciones colectivas, como el Sal\u00f3n de Mujeres Puntanas, la Noche de las Artes, Brillo en el Archivo Hist\u00f3rico, entre otras.<\/p>\n\n\n\n<p>Sus ilustraciones han sido publicadas como tapa del cuadernillo de Humanas de la UNSL y en revistas literarias de San Luis y C\u00f3rdoba. Es socia fundadora de la Asociaci\u00f3n Civil Artistas Visuales Agrupados de San Luis.<\/p>\n","protected":false},"excerpt":{"rendered":"<p>VECINOSDELINTERIOR.COM \/ 13 DE MARZO A las 16:00, en el Museo de la Poes\u00eda, la artista Eugenia Paone presentar\u00e1 una selecci\u00f3n de sus obras m\u00e1s recientes realizadas en acr\u00edlico y tinta. La propuesta invita a recorrer coordenadas singulares donde el movimiento y las formas se despliegan con vibraci\u00f3n o sutileza. As\u00ed, la memoria conceptual de [&hellip;]<\/p>\n","protected":false},"author":1,"featured_media":6620,"comment_status":"open","ping_status":"open","sticky":false,"template":"","format":"standard","meta":{"footnotes":""},"categories":[112,2],"tags":[],"class_list":["post-6619","post","type-post","status-publish","format-standard","has-post-thumbnail","hentry","category-la-carolina","category-pringles"],"_links":{"self":[{"href":"https:\/\/vecinosdelinterior.com\/index.php\/wp-json\/wp\/v2\/posts\/6619","targetHints":{"allow":["GET"]}}],"collection":[{"href":"https:\/\/vecinosdelinterior.com\/index.php\/wp-json\/wp\/v2\/posts"}],"about":[{"href":"https:\/\/vecinosdelinterior.com\/index.php\/wp-json\/wp\/v2\/types\/post"}],"author":[{"embeddable":true,"href":"https:\/\/vecinosdelinterior.com\/index.php\/wp-json\/wp\/v2\/users\/1"}],"replies":[{"embeddable":true,"href":"https:\/\/vecinosdelinterior.com\/index.php\/wp-json\/wp\/v2\/comments?post=6619"}],"version-history":[{"count":1,"href":"https:\/\/vecinosdelinterior.com\/index.php\/wp-json\/wp\/v2\/posts\/6619\/revisions"}],"predecessor-version":[{"id":6621,"href":"https:\/\/vecinosdelinterior.com\/index.php\/wp-json\/wp\/v2\/posts\/6619\/revisions\/6621"}],"wp:featuredmedia":[{"embeddable":true,"href":"https:\/\/vecinosdelinterior.com\/index.php\/wp-json\/wp\/v2\/media\/6620"}],"wp:attachment":[{"href":"https:\/\/vecinosdelinterior.com\/index.php\/wp-json\/wp\/v2\/media?parent=6619"}],"wp:term":[{"taxonomy":"category","embeddable":true,"href":"https:\/\/vecinosdelinterior.com\/index.php\/wp-json\/wp\/v2\/categories?post=6619"},{"taxonomy":"post_tag","embeddable":true,"href":"https:\/\/vecinosdelinterior.com\/index.php\/wp-json\/wp\/v2\/tags?post=6619"}],"curies":[{"name":"wp","href":"https:\/\/api.w.org\/{rel}","templated":true}]}}