{"id":6622,"date":"2026-03-13T15:10:12","date_gmt":"2026-03-13T18:10:12","guid":{"rendered":"https:\/\/vecinosdelinterior.com\/?p=6622"},"modified":"2026-03-13T15:10:12","modified_gmt":"2026-03-13T18:10:12","slug":"san-francisco-del-monte-de-oro-recibira-a-las-guardianas-del-wrwr-2026","status":"publish","type":"post","link":"https:\/\/vecinosdelinterior.com\/index.php\/2026\/03\/13\/san-francisco-del-monte-de-oro-recibira-a-las-guardianas-del-wrwr-2026\/","title":{"rendered":"San Francisco del Monte de Oro recibir\u00e1 a las \u2018Guardianas del WRWR 2026\u2019"},"content":{"rendered":"\n<p>VECINOSDELINTERIOR.COM \/ 13 DE MARZO<\/p>\n\n\n\n<p>San Francisco del Monte de Oro vivir\u00e1 este fin de semana una jornada especial que convocar\u00e1 a vecinos, turistas y amantes del motociclismo. Este s\u00e1bado, llegar\u00e1n a la hist\u00f3rica localidad las \u2018Guardianas del WRWR 2026\u2019, un grupo de motociclistas que recorre distintos caminos del pa\u00eds desafiando l\u00edmites y promoviendo la pasi\u00f3n por las dos ruedas.<\/p>\n\n\n\n<p>El Women Riders World Relay, impulsa durante todo el a\u00f1o una posta internacional para visibilizar a la mujer en el motociclismo, sumando \u2018guardianas\u2019 en cada pueblo y ciudad del pa\u00eds. La llegada est\u00e1 prevista para las 14:00, momento en que las viajeras ser\u00e1n recibidas por vecinos y turistas en un encuentro que combina aventura, turismo y esp\u00edritu de camarader\u00eda. Este tipo de traves\u00eda es la oportunidad para visibilizar destinos tur\u00edsticos y generar movimiento cultural en cada localidad que visitan.<\/p>\n\n\n\n<p>El momento central de la jornada tendr\u00e1 lugar a las 18:00 en la plaza Pringles, donde se realizar\u00e1 una exhibici\u00f3n de motos abierta al p\u00fablico. Durante la actividad tambi\u00e9n se llevar\u00e1 a cabo un acto especial con la entrega de diplomas y menciones, reconociendo el esfuerzo y la participaci\u00f3n de las motociclistas que forman parte de esta traves\u00eda.<\/p>\n\n\n\n<p>M\u00e1s all\u00e1 del espect\u00e1culo y la adrenalina del motociclismo, la llegada de las Guardianas del WRWR representa una importante oportunidad para el turismo local. Eventos de este tipo generan un atractivo adicional para visitantes que buscan conocer nuevos destinos, disfrutar de actividades al aire libre y descubrir la identidad cultural de cada lugar.<\/p>\n\n\n\n<figure class=\"wp-block-image size-large\"><img fetchpriority=\"high\" decoding=\"async\" width=\"819\" height=\"1024\" src=\"https:\/\/vecinosdelinterior.com\/wp-content\/uploads\/2026\/03\/Guardianas-del-WRWR-2026-2-1-819x1024.jpg\" alt=\"\" class=\"wp-image-6623\" srcset=\"https:\/\/vecinosdelinterior.com\/wp-content\/uploads\/2026\/03\/Guardianas-del-WRWR-2026-2-1-819x1024.jpg 819w, https:\/\/vecinosdelinterior.com\/wp-content\/uploads\/2026\/03\/Guardianas-del-WRWR-2026-2-1-240x300.jpg 240w, https:\/\/vecinosdelinterior.com\/wp-content\/uploads\/2026\/03\/Guardianas-del-WRWR-2026-2-1-768x960.jpg 768w, https:\/\/vecinosdelinterior.com\/wp-content\/uploads\/2026\/03\/Guardianas-del-WRWR-2026-2-1-1229x1536.jpg 1229w, https:\/\/vecinosdelinterior.com\/wp-content\/uploads\/2026\/03\/Guardianas-del-WRWR-2026-2-1-750x938.jpg 750w, https:\/\/vecinosdelinterior.com\/wp-content\/uploads\/2026\/03\/Guardianas-del-WRWR-2026-2-1-1140x1425.jpg 1140w, https:\/\/vecinosdelinterior.com\/wp-content\/uploads\/2026\/03\/Guardianas-del-WRWR-2026-2-1.jpg 1440w\" sizes=\"(max-width: 819px) 100vw, 819px\" \/><\/figure>\n","protected":false},"excerpt":{"rendered":"<p>VECINOSDELINTERIOR.COM \/ 13 DE MARZO San Francisco del Monte de Oro vivir\u00e1 este fin de semana una jornada especial que convocar\u00e1 a vecinos, turistas y amantes del motociclismo. Este s\u00e1bado, llegar\u00e1n a la hist\u00f3rica localidad las \u2018Guardianas del WRWR 2026\u2019, un grupo de motociclistas que recorre distintos caminos del pa\u00eds desafiando l\u00edmites y promoviendo la [&hellip;]<\/p>\n","protected":false},"author":1,"featured_media":6623,"comment_status":"open","ping_status":"open","sticky":false,"template":"","format":"standard","meta":{"footnotes":""},"categories":[8,9],"tags":[],"class_list":["post-6622","post","type-post","status-publish","format-standard","has-post-thumbnail","hentry","category-ayacucho","category-san-francisco"],"_links":{"self":[{"href":"https:\/\/vecinosdelinterior.com\/index.php\/wp-json\/wp\/v2\/posts\/6622","targetHints":{"allow":["GET"]}}],"collection":[{"href":"https:\/\/vecinosdelinterior.com\/index.php\/wp-json\/wp\/v2\/posts"}],"about":[{"href":"https:\/\/vecinosdelinterior.com\/index.php\/wp-json\/wp\/v2\/types\/post"}],"author":[{"embeddable":true,"href":"https:\/\/vecinosdelinterior.com\/index.php\/wp-json\/wp\/v2\/users\/1"}],"replies":[{"embeddable":true,"href":"https:\/\/vecinosdelinterior.com\/index.php\/wp-json\/wp\/v2\/comments?post=6622"}],"version-history":[{"count":1,"href":"https:\/\/vecinosdelinterior.com\/index.php\/wp-json\/wp\/v2\/posts\/6622\/revisions"}],"predecessor-version":[{"id":6624,"href":"https:\/\/vecinosdelinterior.com\/index.php\/wp-json\/wp\/v2\/posts\/6622\/revisions\/6624"}],"wp:featuredmedia":[{"embeddable":true,"href":"https:\/\/vecinosdelinterior.com\/index.php\/wp-json\/wp\/v2\/media\/6623"}],"wp:attachment":[{"href":"https:\/\/vecinosdelinterior.com\/index.php\/wp-json\/wp\/v2\/media?parent=6622"}],"wp:term":[{"taxonomy":"category","embeddable":true,"href":"https:\/\/vecinosdelinterior.com\/index.php\/wp-json\/wp\/v2\/categories?post=6622"},{"taxonomy":"post_tag","embeddable":true,"href":"https:\/\/vecinosdelinterior.com\/index.php\/wp-json\/wp\/v2\/tags?post=6622"}],"curies":[{"name":"wp","href":"https:\/\/api.w.org\/{rel}","templated":true}]}}