{"id":6638,"date":"2026-03-15T09:42:05","date_gmt":"2026-03-15T12:42:05","guid":{"rendered":"https:\/\/vecinosdelinterior.com\/?p=6638"},"modified":"2026-03-15T09:42:06","modified_gmt":"2026-03-15T12:42:06","slug":"cortaderas-celebrara-sus-fiestas-patronales-musica-danza-y-tradicion-en-honor-a-san-jose","status":"publish","type":"post","link":"https:\/\/vecinosdelinterior.com\/index.php\/2026\/03\/15\/cortaderas-celebrara-sus-fiestas-patronales-musica-danza-y-tradicion-en-honor-a-san-jose\/","title":{"rendered":"Cortaderas celebrar\u00e1 sus Fiestas Patronales: m\u00fasica, danza y tradici\u00f3n en honor a San Jos\u00e9"},"content":{"rendered":"\n<p>VECINOSDELINTERIOR.COM \/ 15 DE MARZO<br>La localidad de Cortaderas se prepara para vivir una de sus celebraciones m\u00e1s significativas del calendario local: las Fiestas Patronales en honor a San Jos\u00e9. El encuentro se realizar\u00e1 el 18 y 19 de marzo, con una propuesta que reunir\u00e1 fe, cultura y m\u00fasica popular en un ambiente de encuentro familiar.<\/p>\n\n\n\n<figure class=\"wp-block-image size-large\"><img fetchpriority=\"high\" decoding=\"async\" width=\"819\" height=\"1024\" src=\"https:\/\/vecinosdelinterior.com\/wp-content\/uploads\/2026\/03\/PATRONAL-CORTADERAS-5-819x1024.jpg\" alt=\"\" class=\"wp-image-6639\" srcset=\"https:\/\/vecinosdelinterior.com\/wp-content\/uploads\/2026\/03\/PATRONAL-CORTADERAS-5-819x1024.jpg 819w, https:\/\/vecinosdelinterior.com\/wp-content\/uploads\/2026\/03\/PATRONAL-CORTADERAS-5-240x300.jpg 240w, https:\/\/vecinosdelinterior.com\/wp-content\/uploads\/2026\/03\/PATRONAL-CORTADERAS-5-768x960.jpg 768w, https:\/\/vecinosdelinterior.com\/wp-content\/uploads\/2026\/03\/PATRONAL-CORTADERAS-5-750x938.jpg 750w, https:\/\/vecinosdelinterior.com\/wp-content\/uploads\/2026\/03\/PATRONAL-CORTADERAS-5.jpg 1080w\" sizes=\"(max-width: 819px) 100vw, 819px\" \/><\/figure>\n\n\n\n<p><br>Durante dos jornadas, vecinos y visitantes podr\u00e1n compartir noches cargadas de identidad y tradici\u00f3n, en las que la m\u00fasica y la danza se convertir\u00e1n en protagonistas. El evento contar\u00e1 con la participaci\u00f3n de artistas invitados que representar\u00e1n distintos estilos del folclore y la m\u00fasica popular, entre ellos los Hermanos Lucero, Astillas del Mismo Palo, Herencia Chamamecera, Kevin Carrizo, Luciano Ch\u00e1vez, La Cautana, Jos\u00e9 Luis y La Cero, y Lucho y La M\u00e1s Popular.<br>Adem\u00e1s, diversos ballets invitados aportar\u00e1n el color y la expresi\u00f3n de la danza tradicional argentina, fortaleciendo el valor cultural de la celebraci\u00f3n y reafirmando el rol de las fiestas patronales como espacios de preservaci\u00f3n de las ra\u00edces y costumbres del interior del pa\u00eds.<br>El gran cierre estar\u00e1 a cargo del grupo Chipote, que pondr\u00e1 el broche musical a dos noches de m\u00fasica, fe cultura y tradici\u00f3n.<br>Con entrada libre y gratuita, con la invitaci\u00f3n a concurrir con mate y reposera para sumarse a un encuentro donde la cultura re\u00fane a sus exponentes para mantener viva la identidad cultural de la regi\u00f3n.<br>Las Fiestas Patronales de Cortaderas no solo representan un momento de devoci\u00f3n religiosa, sino tambi\u00e9n una manifestaci\u00f3n cultural profundamente arraigada, que fortalece los lazos de la regi\u00f3n, poniendo en valor las expresiones art\u00edsticas locales, convirti\u00e9ndose adem\u00e1s en un atractivo para quienes visitan la zona durante estas fechas.<\/p>\n","protected":false},"excerpt":{"rendered":"<p>VECINOSDELINTERIOR.COM \/ 15 DE MARZOLa localidad de Cortaderas se prepara para vivir una de sus celebraciones m\u00e1s significativas del calendario local: las Fiestas Patronales en honor a San Jos\u00e9. El encuentro se realizar\u00e1 el 18 y 19 de marzo, con una propuesta que reunir\u00e1 fe, cultura y m\u00fasica popular en un ambiente de encuentro familiar. [&hellip;]<\/p>\n","protected":false},"author":1,"featured_media":6639,"comment_status":"open","ping_status":"open","sticky":false,"template":"","format":"standard","meta":{"footnotes":""},"categories":[29,275],"tags":[],"class_list":["post-6638","post","type-post","status-publish","format-standard","has-post-thumbnail","hentry","category-chacabuco","category-cortaderas"],"_links":{"self":[{"href":"https:\/\/vecinosdelinterior.com\/index.php\/wp-json\/wp\/v2\/posts\/6638","targetHints":{"allow":["GET"]}}],"collection":[{"href":"https:\/\/vecinosdelinterior.com\/index.php\/wp-json\/wp\/v2\/posts"}],"about":[{"href":"https:\/\/vecinosdelinterior.com\/index.php\/wp-json\/wp\/v2\/types\/post"}],"author":[{"embeddable":true,"href":"https:\/\/vecinosdelinterior.com\/index.php\/wp-json\/wp\/v2\/users\/1"}],"replies":[{"embeddable":true,"href":"https:\/\/vecinosdelinterior.com\/index.php\/wp-json\/wp\/v2\/comments?post=6638"}],"version-history":[{"count":1,"href":"https:\/\/vecinosdelinterior.com\/index.php\/wp-json\/wp\/v2\/posts\/6638\/revisions"}],"predecessor-version":[{"id":6640,"href":"https:\/\/vecinosdelinterior.com\/index.php\/wp-json\/wp\/v2\/posts\/6638\/revisions\/6640"}],"wp:featuredmedia":[{"embeddable":true,"href":"https:\/\/vecinosdelinterior.com\/index.php\/wp-json\/wp\/v2\/media\/6639"}],"wp:attachment":[{"href":"https:\/\/vecinosdelinterior.com\/index.php\/wp-json\/wp\/v2\/media?parent=6638"}],"wp:term":[{"taxonomy":"category","embeddable":true,"href":"https:\/\/vecinosdelinterior.com\/index.php\/wp-json\/wp\/v2\/categories?post=6638"},{"taxonomy":"post_tag","embeddable":true,"href":"https:\/\/vecinosdelinterior.com\/index.php\/wp-json\/wp\/v2\/tags?post=6638"}],"curies":[{"name":"wp","href":"https:\/\/api.w.org\/{rel}","templated":true}]}}