{"id":665,"date":"2023-09-10T11:21:20","date_gmt":"2023-09-10T14:21:20","guid":{"rendered":"https:\/\/vecinosdelinterior.com\/?p=665"},"modified":"2023-09-10T11:21:21","modified_gmt":"2023-09-10T14:21:21","slug":"hoy-se-realiza-la-segunda-edicion-del-festival-del-churro-en-villa-de-la-quebrada","status":"publish","type":"post","link":"https:\/\/vecinosdelinterior.com\/index.php\/2023\/09\/10\/hoy-se-realiza-la-segunda-edicion-del-festival-del-churro-en-villa-de-la-quebrada\/","title":{"rendered":"Hoy se realiza la segunda edici\u00f3n del Festival del Churro en Villa de la Quebrada"},"content":{"rendered":"\n<p>Este domingo se realizar\u00e1 la segunda edici\u00f3n del Festival del Churro en Villa de la Quebrada donde participar\u00e1n emprendedores del rubro, habr\u00e1 premios, y m\u00fasica en vivo.<\/p>\n\n\n\n<figure class=\"wp-block-image size-full\"><img fetchpriority=\"high\" decoding=\"async\" width=\"943\" height=\"558\" src=\"https:\/\/vecinosdelinterior.com\/wp-content\/uploads\/2023\/09\/10-9-2023-11-18-24.jpg\" alt=\"\" class=\"wp-image-666\" srcset=\"https:\/\/vecinosdelinterior.com\/wp-content\/uploads\/2023\/09\/10-9-2023-11-18-24.jpg 943w, https:\/\/vecinosdelinterior.com\/wp-content\/uploads\/2023\/09\/10-9-2023-11-18-24-300x178.jpg 300w, https:\/\/vecinosdelinterior.com\/wp-content\/uploads\/2023\/09\/10-9-2023-11-18-24-768x454.jpg 768w, https:\/\/vecinosdelinterior.com\/wp-content\/uploads\/2023\/09\/10-9-2023-11-18-24-750x444.jpg 750w\" sizes=\"(max-width: 943px) 100vw, 943px\" \/><\/figure>\n\n\n\n<p>La invitaci\u00f3n es en la plaza Lucia Soler de 14 a 20, y desde el municipio de la localidad ubicada en el Departamento Belgrano invitan a toda la comunidad a disfrutar de una excelente jornada.<\/p>\n\n\n\n<p>Durante la tarde habr\u00e1 shows de distintos artistas locales como Hugo Alcaraz, Vladimir Boronko y el ballet de Villa de la Quebrada, Latidos de mi Pueblo, La Bandurria, y cerrar\u00e1 Luis Soloa con Fer y Facu.<\/p>\n\n\n\n<p>El concurso al mejor churro estar\u00e1 dividido por categor\u00edas y ser\u00e1 evaluado por un jurado que degustar\u00e1 las preparaciones de cada participante, para as\u00ed elegir los m\u00e1s sabrosos.<\/p>\n\n\n\n<p>El festival se desarrollar\u00e1 como cierre de la temporada de invierno, que arroj\u00f3 n\u00fameros alentadores por el turismo recibido para la localidad.<\/p>\n","protected":false},"excerpt":{"rendered":"<p>Este domingo se realizar\u00e1 la segunda edici\u00f3n del Festival del Churro en Villa de la Quebrada donde participar\u00e1n emprendedores del rubro, habr\u00e1 premios, y m\u00fasica en vivo. La invitaci\u00f3n es en la plaza Lucia Soler de 14 a 20, y desde el municipio de la localidad ubicada en el Departamento Belgrano invitan a toda la [&hellip;]<\/p>\n","protected":false},"author":1,"featured_media":666,"comment_status":"open","ping_status":"open","sticky":false,"template":"","format":"standard","meta":{"footnotes":""},"categories":[92,93],"tags":[211,210],"class_list":["post-665","post","type-post","status-publish","format-standard","has-post-thumbnail","hentry","category-belgrano","category-villa-de-la-quebrada","tag-fiesta-del-churro","tag-villa-de-la-quebrada"],"_links":{"self":[{"href":"https:\/\/vecinosdelinterior.com\/index.php\/wp-json\/wp\/v2\/posts\/665","targetHints":{"allow":["GET"]}}],"collection":[{"href":"https:\/\/vecinosdelinterior.com\/index.php\/wp-json\/wp\/v2\/posts"}],"about":[{"href":"https:\/\/vecinosdelinterior.com\/index.php\/wp-json\/wp\/v2\/types\/post"}],"author":[{"embeddable":true,"href":"https:\/\/vecinosdelinterior.com\/index.php\/wp-json\/wp\/v2\/users\/1"}],"replies":[{"embeddable":true,"href":"https:\/\/vecinosdelinterior.com\/index.php\/wp-json\/wp\/v2\/comments?post=665"}],"version-history":[{"count":1,"href":"https:\/\/vecinosdelinterior.com\/index.php\/wp-json\/wp\/v2\/posts\/665\/revisions"}],"predecessor-version":[{"id":667,"href":"https:\/\/vecinosdelinterior.com\/index.php\/wp-json\/wp\/v2\/posts\/665\/revisions\/667"}],"wp:featuredmedia":[{"embeddable":true,"href":"https:\/\/vecinosdelinterior.com\/index.php\/wp-json\/wp\/v2\/media\/666"}],"wp:attachment":[{"href":"https:\/\/vecinosdelinterior.com\/index.php\/wp-json\/wp\/v2\/media?parent=665"}],"wp:term":[{"taxonomy":"category","embeddable":true,"href":"https:\/\/vecinosdelinterior.com\/index.php\/wp-json\/wp\/v2\/categories?post=665"},{"taxonomy":"post_tag","embeddable":true,"href":"https:\/\/vecinosdelinterior.com\/index.php\/wp-json\/wp\/v2\/tags?post=665"}],"curies":[{"name":"wp","href":"https:\/\/api.w.org\/{rel}","templated":true}]}}