{"id":668,"date":"2023-09-10T11:28:15","date_gmt":"2023-09-10T14:28:15","guid":{"rendered":"https:\/\/vecinosdelinterior.com\/?p=668"},"modified":"2023-09-10T11:28:16","modified_gmt":"2023-09-10T14:28:16","slug":"el-trapiche-un-hombre-que-realizaba-estafas-por-el-alquiler-de-una-cabana-fue-detenido","status":"publish","type":"post","link":"https:\/\/vecinosdelinterior.com\/index.php\/2023\/09\/10\/el-trapiche-un-hombre-que-realizaba-estafas-por-el-alquiler-de-una-cabana-fue-detenido\/","title":{"rendered":"El Trapiche: un hombre que realizaba estafas por el alquiler de una caba\u00f1a fue detenido"},"content":{"rendered":"\n<p><br>Un hombre de 33 a\u00f1os fue demorado este s\u00e1bado por efectivos de la Comisaria Distrito 17\u00b0 por ofrecer para alquilar una caba\u00f1a por redes sociales.<\/p>\n\n\n\n<p>La Polic\u00eda de la localidad tom\u00f3 conocimiento del caso luego de una denuncia radicada por la madre de un menor, quien buscaba alquiler para el d\u00eda del estudiante con motivo a festejarse el 21 de septiembre.<\/p>\n\n\n\n<figure class=\"wp-block-image size-full\"><img fetchpriority=\"high\" decoding=\"async\" width=\"773\" height=\"532\" src=\"https:\/\/vecinosdelinterior.com\/wp-content\/uploads\/2023\/09\/estafa-min.png\" alt=\"\" class=\"wp-image-669\" srcset=\"https:\/\/vecinosdelinterior.com\/wp-content\/uploads\/2023\/09\/estafa-min.png 773w, https:\/\/vecinosdelinterior.com\/wp-content\/uploads\/2023\/09\/estafa-min-300x206.png 300w, https:\/\/vecinosdelinterior.com\/wp-content\/uploads\/2023\/09\/estafa-min-768x529.png 768w, https:\/\/vecinosdelinterior.com\/wp-content\/uploads\/2023\/09\/estafa-min-750x516.png 750w\" sizes=\"(max-width: 773px) 100vw, 773px\" \/><\/figure>\n\n\n\n<p>La vivienda que se ofrec\u00eda al alquiler se ubicaba en el pasaje San Ignacio S\/N, de El Trapiche, seg\u00fan inform\u00f3 la oficina de Relaciones Policiales.<\/p>\n\n\n\n<p>El hombre realizaba la estafa por medio de la red social Whatsapp por el monto de $7.000 por persona y por d\u00eda, pidiendo el pago anticipado a trav\u00e9s de la aplicaci\u00f3n de Mercado Pago.<\/p>\n\n\n\n<p>Una vez que cerraba el trato con los interesados, volv\u00eda a publicar la casa y aseguraba que estaba disponible para otros. Hasta el momento hay tres v\u00edctimas de este individuo.<\/p>\n\n\n\n<p>Tom\u00f3 intervenci\u00f3n la Fiscal\u00eda, y Hasta el momento son tres personas damnificadas y se contin\u00faan con las diligencias de rigor.<\/p>\n","protected":false},"excerpt":{"rendered":"<p>Un hombre de 33 a\u00f1os fue demorado este s\u00e1bado por efectivos de la Comisaria Distrito 17\u00b0 por ofrecer para alquilar una caba\u00f1a por redes sociales. La Polic\u00eda de la localidad tom\u00f3 conocimiento del caso luego de una denuncia radicada por la madre de un menor, quien buscaba alquiler para el d\u00eda del estudiante con motivo [&hellip;]<\/p>\n","protected":false},"author":1,"featured_media":669,"comment_status":"open","ping_status":"open","sticky":false,"template":"","format":"standard","meta":{"footnotes":""},"categories":[99,2],"tags":[212,213],"class_list":["post-668","post","type-post","status-publish","format-standard","has-post-thumbnail","hentry","category-el-trapiche","category-pringles","tag-el-trapiche","tag-policial"],"_links":{"self":[{"href":"https:\/\/vecinosdelinterior.com\/index.php\/wp-json\/wp\/v2\/posts\/668","targetHints":{"allow":["GET"]}}],"collection":[{"href":"https:\/\/vecinosdelinterior.com\/index.php\/wp-json\/wp\/v2\/posts"}],"about":[{"href":"https:\/\/vecinosdelinterior.com\/index.php\/wp-json\/wp\/v2\/types\/post"}],"author":[{"embeddable":true,"href":"https:\/\/vecinosdelinterior.com\/index.php\/wp-json\/wp\/v2\/users\/1"}],"replies":[{"embeddable":true,"href":"https:\/\/vecinosdelinterior.com\/index.php\/wp-json\/wp\/v2\/comments?post=668"}],"version-history":[{"count":1,"href":"https:\/\/vecinosdelinterior.com\/index.php\/wp-json\/wp\/v2\/posts\/668\/revisions"}],"predecessor-version":[{"id":670,"href":"https:\/\/vecinosdelinterior.com\/index.php\/wp-json\/wp\/v2\/posts\/668\/revisions\/670"}],"wp:featuredmedia":[{"embeddable":true,"href":"https:\/\/vecinosdelinterior.com\/index.php\/wp-json\/wp\/v2\/media\/669"}],"wp:attachment":[{"href":"https:\/\/vecinosdelinterior.com\/index.php\/wp-json\/wp\/v2\/media?parent=668"}],"wp:term":[{"taxonomy":"category","embeddable":true,"href":"https:\/\/vecinosdelinterior.com\/index.php\/wp-json\/wp\/v2\/categories?post=668"},{"taxonomy":"post_tag","embeddable":true,"href":"https:\/\/vecinosdelinterior.com\/index.php\/wp-json\/wp\/v2\/tags?post=668"}],"curies":[{"name":"wp","href":"https:\/\/api.w.org\/{rel}","templated":true}]}}