{"id":671,"date":"2023-09-11T13:34:49","date_gmt":"2023-09-11T16:34:49","guid":{"rendered":"https:\/\/vecinosdelinterior.com\/?p=671"},"modified":"2023-09-11T13:34:49","modified_gmt":"2023-09-11T16:34:49","slug":"el-festival-del-churro-en-villa-de-la-quebrada-fue-un-exito","status":"publish","type":"post","link":"https:\/\/vecinosdelinterior.com\/index.php\/2023\/09\/11\/el-festival-del-churro-en-villa-de-la-quebrada-fue-un-exito\/","title":{"rendered":"El festival del Churro en Villa de la Quebrada fue un \u00e9xito"},"content":{"rendered":"\n<p>El escenario fue la plaza Lucia Soler d\u00f3nde m\u00e1s de 4.000 personas se acercaron para disfrutar de lo que fue la segunda edici\u00f3n del festival del Churro.<br>No falt\u00f3 nada. Hubo show en vivo, danzas folcl\u00f3ricas,<br>puestos gastron\u00f3micos, degustaciones y mucho m\u00e1s.<br>Las y los ganadores fueron:<br>1er premio de $ 30 mil: Carla R\u00edos (San Luis),<br>2do premio de $ 20 mil: Alcaraz Gabriel (Villa de la Quebrada),<br>3er premio de $10.000: Mar\u00eda Coria (San Luis).<\/p>\n\n\n\n<figure class=\"wp-block-gallery has-nested-images columns-default is-cropped wp-block-gallery-1 is-layout-flex wp-block-gallery-is-layout-flex\">\n<figure class=\"wp-block-image size-large\"><img fetchpriority=\"high\" decoding=\"async\" width=\"1024\" height=\"683\" data-id=\"672\" src=\"https:\/\/vecinosdelinterior.com\/wp-content\/uploads\/2023\/09\/375940640_155474754269886_6420399792643672581_n-1024x683.jpg\" alt=\"\" class=\"wp-image-672\" srcset=\"https:\/\/vecinosdelinterior.com\/wp-content\/uploads\/2023\/09\/375940640_155474754269886_6420399792643672581_n-1024x683.jpg 1024w, https:\/\/vecinosdelinterior.com\/wp-content\/uploads\/2023\/09\/375940640_155474754269886_6420399792643672581_n-300x200.jpg 300w, https:\/\/vecinosdelinterior.com\/wp-content\/uploads\/2023\/09\/375940640_155474754269886_6420399792643672581_n-768x512.jpg 768w, https:\/\/vecinosdelinterior.com\/wp-content\/uploads\/2023\/09\/375940640_155474754269886_6420399792643672581_n-750x500.jpg 750w, https:\/\/vecinosdelinterior.com\/wp-content\/uploads\/2023\/09\/375940640_155474754269886_6420399792643672581_n.jpg 1080w\" sizes=\"(max-width: 1024px) 100vw, 1024px\" \/><\/figure>\n\n\n\n<figure class=\"wp-block-image size-large\"><img decoding=\"async\" width=\"1024\" height=\"683\" data-id=\"675\" src=\"https:\/\/vecinosdelinterior.com\/wp-content\/uploads\/2023\/09\/376256343_155474787603216_190526271741019124_n-1024x683.jpg\" alt=\"\" class=\"wp-image-675\" srcset=\"https:\/\/vecinosdelinterior.com\/wp-content\/uploads\/2023\/09\/376256343_155474787603216_190526271741019124_n-1024x683.jpg 1024w, https:\/\/vecinosdelinterior.com\/wp-content\/uploads\/2023\/09\/376256343_155474787603216_190526271741019124_n-300x200.jpg 300w, https:\/\/vecinosdelinterior.com\/wp-content\/uploads\/2023\/09\/376256343_155474787603216_190526271741019124_n-768x512.jpg 768w, https:\/\/vecinosdelinterior.com\/wp-content\/uploads\/2023\/09\/376256343_155474787603216_190526271741019124_n-750x500.jpg 750w, https:\/\/vecinosdelinterior.com\/wp-content\/uploads\/2023\/09\/376256343_155474787603216_190526271741019124_n.jpg 1080w\" sizes=\"(max-width: 1024px) 100vw, 1024px\" \/><\/figure>\n\n\n\n<figure class=\"wp-block-image size-large\"><img decoding=\"async\" width=\"1024\" height=\"683\" data-id=\"674\" src=\"https:\/\/vecinosdelinterior.com\/wp-content\/uploads\/2023\/09\/375968159_155474837603211_3271014199148513041_n-1024x683.jpg\" alt=\"\" class=\"wp-image-674\" srcset=\"https:\/\/vecinosdelinterior.com\/wp-content\/uploads\/2023\/09\/375968159_155474837603211_3271014199148513041_n-1024x683.jpg 1024w, https:\/\/vecinosdelinterior.com\/wp-content\/uploads\/2023\/09\/375968159_155474837603211_3271014199148513041_n-300x200.jpg 300w, https:\/\/vecinosdelinterior.com\/wp-content\/uploads\/2023\/09\/375968159_155474837603211_3271014199148513041_n-768x512.jpg 768w, https:\/\/vecinosdelinterior.com\/wp-content\/uploads\/2023\/09\/375968159_155474837603211_3271014199148513041_n-750x500.jpg 750w, https:\/\/vecinosdelinterior.com\/wp-content\/uploads\/2023\/09\/375968159_155474837603211_3271014199148513041_n.jpg 1080w\" sizes=\"(max-width: 1024px) 100vw, 1024px\" \/><\/figure>\n\n\n\n<figure class=\"wp-block-image size-large\"><img loading=\"lazy\" decoding=\"async\" width=\"1024\" height=\"683\" data-id=\"673\" src=\"https:\/\/vecinosdelinterior.com\/wp-content\/uploads\/2023\/09\/375950575_155474670936561_6227341252799528376_n-1024x683.jpg\" alt=\"\" class=\"wp-image-673\" srcset=\"https:\/\/vecinosdelinterior.com\/wp-content\/uploads\/2023\/09\/375950575_155474670936561_6227341252799528376_n-1024x683.jpg 1024w, https:\/\/vecinosdelinterior.com\/wp-content\/uploads\/2023\/09\/375950575_155474670936561_6227341252799528376_n-300x200.jpg 300w, https:\/\/vecinosdelinterior.com\/wp-content\/uploads\/2023\/09\/375950575_155474670936561_6227341252799528376_n-768x512.jpg 768w, https:\/\/vecinosdelinterior.com\/wp-content\/uploads\/2023\/09\/375950575_155474670936561_6227341252799528376_n-750x500.jpg 750w, https:\/\/vecinosdelinterior.com\/wp-content\/uploads\/2023\/09\/375950575_155474670936561_6227341252799528376_n.jpg 1080w\" sizes=\"(max-width: 1024px) 100vw, 1024px\" \/><\/figure>\n<\/figure>\n\n\n\n<p><br>Fotos: Prensa municipalidad De Villa de la Quebrada<br>Nota: VecinosdeLaPunta<\/p>\n","protected":false},"excerpt":{"rendered":"<p>El escenario fue la plaza Lucia Soler d\u00f3nde m\u00e1s de 4.000 personas se acercaron para disfrutar de lo que fue la segunda edici\u00f3n del festival del Churro.No falt\u00f3 nada. Hubo show en vivo, danzas folcl\u00f3ricas,puestos gastron\u00f3micos, degustaciones y mucho m\u00e1s.Las y los ganadores fueron:1er premio de $ 30 mil: Carla R\u00edos (San Luis),2do premio de [&hellip;]<\/p>\n","protected":false},"author":1,"featured_media":676,"comment_status":"open","ping_status":"open","sticky":false,"template":"","format":"standard","meta":{"footnotes":""},"categories":[92,93],"tags":[214,210],"class_list":["post-671","post","type-post","status-publish","format-standard","has-post-thumbnail","hentry","category-belgrano","category-villa-de-la-quebrada","tag-festival-del-churro","tag-villa-de-la-quebrada"],"_links":{"self":[{"href":"https:\/\/vecinosdelinterior.com\/index.php\/wp-json\/wp\/v2\/posts\/671","targetHints":{"allow":["GET"]}}],"collection":[{"href":"https:\/\/vecinosdelinterior.com\/index.php\/wp-json\/wp\/v2\/posts"}],"about":[{"href":"https:\/\/vecinosdelinterior.com\/index.php\/wp-json\/wp\/v2\/types\/post"}],"author":[{"embeddable":true,"href":"https:\/\/vecinosdelinterior.com\/index.php\/wp-json\/wp\/v2\/users\/1"}],"replies":[{"embeddable":true,"href":"https:\/\/vecinosdelinterior.com\/index.php\/wp-json\/wp\/v2\/comments?post=671"}],"version-history":[{"count":1,"href":"https:\/\/vecinosdelinterior.com\/index.php\/wp-json\/wp\/v2\/posts\/671\/revisions"}],"predecessor-version":[{"id":677,"href":"https:\/\/vecinosdelinterior.com\/index.php\/wp-json\/wp\/v2\/posts\/671\/revisions\/677"}],"wp:featuredmedia":[{"embeddable":true,"href":"https:\/\/vecinosdelinterior.com\/index.php\/wp-json\/wp\/v2\/media\/676"}],"wp:attachment":[{"href":"https:\/\/vecinosdelinterior.com\/index.php\/wp-json\/wp\/v2\/media?parent=671"}],"wp:term":[{"taxonomy":"category","embeddable":true,"href":"https:\/\/vecinosdelinterior.com\/index.php\/wp-json\/wp\/v2\/categories?post=671"},{"taxonomy":"post_tag","embeddable":true,"href":"https:\/\/vecinosdelinterior.com\/index.php\/wp-json\/wp\/v2\/tags?post=671"}],"curies":[{"name":"wp","href":"https:\/\/api.w.org\/{rel}","templated":true}]}}