{"id":6741,"date":"2026-04-04T19:47:09","date_gmt":"2026-04-04T22:47:09","guid":{"rendered":"https:\/\/vecinosdelinterior.com\/?p=6741"},"modified":"2026-04-04T19:47:10","modified_gmt":"2026-04-04T22:47:10","slug":"el-tren-de-capital-humano-comienza-a-prestar-servicio-este-lunes","status":"publish","type":"post","link":"https:\/\/vecinosdelinterior.com\/index.php\/2026\/04\/04\/el-tren-de-capital-humano-comienza-a-prestar-servicio-este-lunes\/","title":{"rendered":"El tren de Capital Humano comienza a prestar servicio este lunes"},"content":{"rendered":"\n<p>VECINOSDELINTERIOR.COM \/ 04 DE ABRIL<br>El tren de Capital Humano es una iniciativa de la secretar\u00eda Nacional de Ni\u00f1ez, Adolescencia y Familia y est\u00e1 dise\u00f1ado para la detecci\u00f3n temprana de diversas situaciones que ata\u00f1en a la acci\u00f3n social y patolog\u00edas de riesgo para la salud. Al Gobierno provincial le permite reforzar lo que ya realiza en materia social y de salud. Ya visit\u00f3 la provincia a mediados del a\u00f1o pasado y se encuentra nuevamente en el territorio para prestar servicio durante casi todo el mes de abril.<br>En esta oportunidad el cronograma incluye a la localidad de Beazley donde estar\u00e1 dos d\u00edas, Justo Daract donde permanecer\u00e1 otras dos jornadas y la ciudad de Villa Mercedes que lo albergar\u00e1 dos semanas.<\/p>\n\n\n\n<figure class=\"wp-block-image size-full\"><img fetchpriority=\"high\" decoding=\"async\" width=\"963\" height=\"687\" src=\"https:\/\/vecinosdelinterior.com\/wp-content\/uploads\/2026\/04\/661469949_811252032025485_6767329517457598212_n.jpg\" alt=\"\" class=\"wp-image-6742\" srcset=\"https:\/\/vecinosdelinterior.com\/wp-content\/uploads\/2026\/04\/661469949_811252032025485_6767329517457598212_n.jpg 963w, https:\/\/vecinosdelinterior.com\/wp-content\/uploads\/2026\/04\/661469949_811252032025485_6767329517457598212_n-300x214.jpg 300w, https:\/\/vecinosdelinterior.com\/wp-content\/uploads\/2026\/04\/661469949_811252032025485_6767329517457598212_n-768x548.jpg 768w, https:\/\/vecinosdelinterior.com\/wp-content\/uploads\/2026\/04\/661469949_811252032025485_6767329517457598212_n-120x86.jpg 120w, https:\/\/vecinosdelinterior.com\/wp-content\/uploads\/2026\/04\/661469949_811252032025485_6767329517457598212_n-350x250.jpg 350w, https:\/\/vecinosdelinterior.com\/wp-content\/uploads\/2026\/04\/661469949_811252032025485_6767329517457598212_n-750x535.jpg 750w\" sizes=\"(max-width: 963px) 100vw, 963px\" \/><\/figure>\n\n\n\n<p><br>El dispositivo m\u00f3vil est\u00e1 conformado por 11 vagones y cuenta con un \u00e1rea de atenci\u00f3n primaria de la salud con m\u00e9dicos generalistas, odont\u00f3logos, fonoaudi\u00f3logos, psic\u00f3logos y t\u00e9cnicos para la realizaci\u00f3n de mamograf\u00edas y radiograf\u00edas. Posee adem\u00e1s un servicio de inmunizaciones con vacunas de calendario y un laboratorio \u00f3ptico y servicio de oftalmolog\u00eda destinado a ni\u00f1os de 6 a 17 a\u00f1os que realiza diagn\u00f3sticos y entrega lentes en el acto y sin costo para el beneficiario.<br>Cuenta tambi\u00e9n con un \u00e1rea social que permite realizar tr\u00e1mites del Registro Nacional de las Personas (Renaper) y ANSES y un \u00e1rea educativa y cultural con una biblioteca y un microcine donde participan la Biblioteca Nacional y la Biblioteca del Congreso. Ofrece talleres, espacios de lectura libre y encuentros de escritores, entre otros.<br>El \u00fanico requisito para ser atendido en el tren es acercarse presencialmente y presentar el DNI. Los turnos se reparten de forma individual y por orden de llegada a partir de las 8:00 y la atenci\u00f3n comienza a las 9:00 y se extiende hasta las 16:00.<\/p>\n","protected":false},"excerpt":{"rendered":"<p>VECINOSDELINTERIOR.COM \/ 04 DE ABRILEl tren de Capital Humano es una iniciativa de la secretar\u00eda Nacional de Ni\u00f1ez, Adolescencia y Familia y est\u00e1 dise\u00f1ado para la detecci\u00f3n temprana de diversas situaciones que ata\u00f1en a la acci\u00f3n social y patolog\u00edas de riesgo para la salud. Al Gobierno provincial le permite reforzar lo que ya realiza en [&hellip;]<\/p>\n","protected":false},"author":1,"featured_media":6742,"comment_status":"open","ping_status":"open","sticky":false,"template":"","format":"standard","meta":{"footnotes":""},"categories":[127,98],"tags":[],"class_list":["post-6741","post","type-post","status-publish","format-standard","has-post-thumbnail","hentry","category-justo-daract","category-pedernera"],"_links":{"self":[{"href":"https:\/\/vecinosdelinterior.com\/index.php\/wp-json\/wp\/v2\/posts\/6741","targetHints":{"allow":["GET"]}}],"collection":[{"href":"https:\/\/vecinosdelinterior.com\/index.php\/wp-json\/wp\/v2\/posts"}],"about":[{"href":"https:\/\/vecinosdelinterior.com\/index.php\/wp-json\/wp\/v2\/types\/post"}],"author":[{"embeddable":true,"href":"https:\/\/vecinosdelinterior.com\/index.php\/wp-json\/wp\/v2\/users\/1"}],"replies":[{"embeddable":true,"href":"https:\/\/vecinosdelinterior.com\/index.php\/wp-json\/wp\/v2\/comments?post=6741"}],"version-history":[{"count":1,"href":"https:\/\/vecinosdelinterior.com\/index.php\/wp-json\/wp\/v2\/posts\/6741\/revisions"}],"predecessor-version":[{"id":6743,"href":"https:\/\/vecinosdelinterior.com\/index.php\/wp-json\/wp\/v2\/posts\/6741\/revisions\/6743"}],"wp:featuredmedia":[{"embeddable":true,"href":"https:\/\/vecinosdelinterior.com\/index.php\/wp-json\/wp\/v2\/media\/6742"}],"wp:attachment":[{"href":"https:\/\/vecinosdelinterior.com\/index.php\/wp-json\/wp\/v2\/media?parent=6741"}],"wp:term":[{"taxonomy":"category","embeddable":true,"href":"https:\/\/vecinosdelinterior.com\/index.php\/wp-json\/wp\/v2\/categories?post=6741"},{"taxonomy":"post_tag","embeddable":true,"href":"https:\/\/vecinosdelinterior.com\/index.php\/wp-json\/wp\/v2\/tags?post=6741"}],"curies":[{"name":"wp","href":"https:\/\/api.w.org\/{rel}","templated":true}]}}