{"id":685,"date":"2023-09-12T11:14:28","date_gmt":"2023-09-12T14:14:28","guid":{"rendered":"https:\/\/vecinosdelinterior.com\/?p=685"},"modified":"2023-09-12T11:14:29","modified_gmt":"2023-09-12T14:14:29","slug":"la-artista-plastica-patricia-herrera-expone-en-la-casa-cultural-de-quines","status":"publish","type":"post","link":"https:\/\/vecinosdelinterior.com\/index.php\/2023\/09\/12\/la-artista-plastica-patricia-herrera-expone-en-la-casa-cultural-de-quines\/","title":{"rendered":"La artista pl\u00e1stica Patricia Herrera expone en la Casa Cultural de Quines"},"content":{"rendered":"\n<p>Desde el 7 de septiembre y durante 15 d\u00edas estar\u00e1 disponible para visitar la muestra \u201cSentimientos en Colores\u201d en el espacio cultural de la localidad. \u201cMis pinturas est\u00e1n inspiradas en todos los elementos o seres que me conmueven\u201d, expres\u00f3 Herrera.<\/p>\n\n\n\n<p>Cada pintura de la artista refleja emociones, sensaciones y estados de \u00e1nimo por los que atraviesa y plasma en el lienzo. En sus tiempos libres logra capturar sus vivencias diarias. El pasado jueves inaugur\u00f3 su muestra \u201cSentimientos en Colores\u201d, en la Casa Cultural de Quines, acompa\u00f1ada de familiares y amigos.<\/p>\n\n\n\n<figure class=\"wp-block-gallery has-nested-images columns-default is-cropped wp-block-gallery-1 is-layout-flex wp-block-gallery-is-layout-flex\">\n<figure class=\"wp-block-image size-large\"><img fetchpriority=\"high\" decoding=\"async\" width=\"960\" height=\"640\" data-id=\"686\" src=\"https:\/\/vecinosdelinterior.com\/wp-content\/uploads\/2023\/09\/PATRICIA-HERRERA-2.jpeg\" alt=\"\" class=\"wp-image-686\" srcset=\"https:\/\/vecinosdelinterior.com\/wp-content\/uploads\/2023\/09\/PATRICIA-HERRERA-2.jpeg 960w, https:\/\/vecinosdelinterior.com\/wp-content\/uploads\/2023\/09\/PATRICIA-HERRERA-2-300x200.jpeg 300w, https:\/\/vecinosdelinterior.com\/wp-content\/uploads\/2023\/09\/PATRICIA-HERRERA-2-768x512.jpeg 768w, https:\/\/vecinosdelinterior.com\/wp-content\/uploads\/2023\/09\/PATRICIA-HERRERA-2-750x500.jpeg 750w\" sizes=\"(max-width: 960px) 100vw, 960px\" \/><\/figure>\n\n\n\n<figure class=\"wp-block-image size-large\"><img decoding=\"async\" width=\"960\" height=\"640\" data-id=\"687\" src=\"https:\/\/vecinosdelinterior.com\/wp-content\/uploads\/2023\/09\/PATRICIA-HERRERA-3.jpeg\" alt=\"\" class=\"wp-image-687\" srcset=\"https:\/\/vecinosdelinterior.com\/wp-content\/uploads\/2023\/09\/PATRICIA-HERRERA-3.jpeg 960w, https:\/\/vecinosdelinterior.com\/wp-content\/uploads\/2023\/09\/PATRICIA-HERRERA-3-300x200.jpeg 300w, https:\/\/vecinosdelinterior.com\/wp-content\/uploads\/2023\/09\/PATRICIA-HERRERA-3-768x512.jpeg 768w, https:\/\/vecinosdelinterior.com\/wp-content\/uploads\/2023\/09\/PATRICIA-HERRERA-3-750x500.jpeg 750w\" sizes=\"(max-width: 960px) 100vw, 960px\" \/><\/figure>\n<\/figure>\n\n\n\n<p>Patricia Nilda Herrera, que es m\u00e9dica de profesi\u00f3n, naci\u00f3 en Buenos Aires, creci\u00f3 en C\u00f3rdoba donde curs\u00f3 sus estudios y lleg\u00f3 hace 30 a\u00f1os a Quines. Fue all\u00ed, en el norte puntano, que descubri\u00f3 su pasi\u00f3n por el arte, donde mezcla matices, acr\u00edlicos y colores.<\/p>\n\n\n\n<p>\u201cInici\u00e9 en este camino en 2015 y recib\u00ed la orientaci\u00f3n de destacados maestros del arte como Roberto Baroja Ag\u00fcero y la profesora Alejandra Romero, y que a pesar de algunas pausas en mi carrera art\u00edstica, mi amor por la pintura sigue siendo una pasi\u00f3n inquebrantable. Me dedico a ella porque me gusta, pero s\u00f3lo en los momentos libres, y cuando me siento inspirada\u201d, expres\u00f3.<\/p>\n\n\n\n<p>Sobre la muestra, que estar\u00e1 abierta al p\u00fablico durante 15 d\u00edas, detall\u00f3: \u201cEst\u00e1 compuesta por 17 cuadros, que est\u00e1n realizados en acr\u00edlicos sobre lienzo, bastidores y tambi\u00e9n en tela sobre madera, los invito a todos a que la visiten\u201d.<\/p>\n","protected":false},"excerpt":{"rendered":"<p>Desde el 7 de septiembre y durante 15 d\u00edas estar\u00e1 disponible para visitar la muestra \u201cSentimientos en Colores\u201d en el espacio cultural de la localidad. \u201cMis pinturas est\u00e1n inspiradas en todos los elementos o seres que me conmueven\u201d, expres\u00f3 Herrera. Cada pintura de la artista refleja emociones, sensaciones y estados de \u00e1nimo por los que [&hellip;]<\/p>\n","protected":false},"author":1,"featured_media":686,"comment_status":"open","ping_status":"open","sticky":false,"template":"","format":"standard","meta":{"footnotes":""},"categories":[8,54],"tags":[56],"class_list":["post-685","post","type-post","status-publish","format-standard","has-post-thumbnail","hentry","category-ayacucho","category-quines-ayacucho","tag-casa-de-cultura-de-quines"],"_links":{"self":[{"href":"https:\/\/vecinosdelinterior.com\/index.php\/wp-json\/wp\/v2\/posts\/685","targetHints":{"allow":["GET"]}}],"collection":[{"href":"https:\/\/vecinosdelinterior.com\/index.php\/wp-json\/wp\/v2\/posts"}],"about":[{"href":"https:\/\/vecinosdelinterior.com\/index.php\/wp-json\/wp\/v2\/types\/post"}],"author":[{"embeddable":true,"href":"https:\/\/vecinosdelinterior.com\/index.php\/wp-json\/wp\/v2\/users\/1"}],"replies":[{"embeddable":true,"href":"https:\/\/vecinosdelinterior.com\/index.php\/wp-json\/wp\/v2\/comments?post=685"}],"version-history":[{"count":1,"href":"https:\/\/vecinosdelinterior.com\/index.php\/wp-json\/wp\/v2\/posts\/685\/revisions"}],"predecessor-version":[{"id":688,"href":"https:\/\/vecinosdelinterior.com\/index.php\/wp-json\/wp\/v2\/posts\/685\/revisions\/688"}],"wp:featuredmedia":[{"embeddable":true,"href":"https:\/\/vecinosdelinterior.com\/index.php\/wp-json\/wp\/v2\/media\/686"}],"wp:attachment":[{"href":"https:\/\/vecinosdelinterior.com\/index.php\/wp-json\/wp\/v2\/media?parent=685"}],"wp:term":[{"taxonomy":"category","embeddable":true,"href":"https:\/\/vecinosdelinterior.com\/index.php\/wp-json\/wp\/v2\/categories?post=685"},{"taxonomy":"post_tag","embeddable":true,"href":"https:\/\/vecinosdelinterior.com\/index.php\/wp-json\/wp\/v2\/tags?post=685"}],"curies":[{"name":"wp","href":"https:\/\/api.w.org\/{rel}","templated":true}]}}